{"id":57681,"date":"2024-08-16T13:24:14","date_gmt":"2024-08-16T19:24:14","guid":{"rendered":"https:\/\/encuentroinformativo.com.mx\/?p=57681"},"modified":"2024-08-16T13:24:19","modified_gmt":"2024-08-16T19:24:19","slug":"recibe-uv-a-estudiantes-de-nuevo-ingreso","status":"publish","type":"post","link":"https:\/\/encuentroinformativo.com.mx\/?p=57681","title":{"rendered":"Recibe UV a estudiantes de nuevo ingreso"},"content":{"rendered":"\n<p><strong>Dar\u00edo Pale <\/strong><\/p>\n\n\n\n<p>Xalapa, Ver.- La Universidad Veracruzana (UV), dio la bienvenida a estudiantes de la generaci\u00f3n 2024, mediante una ceremonia en Xalapa, la cual estuvo a cargo del rector de la Universidad Veracruzana (UV), Mart\u00edn Aguilar S\u00e1nchez.<\/p>\n\n\n\n<p>Este viernes 18 mil nuevos estudiantes iniciar\u00e1n sus estudios en las cinco regiones de la m\u00e1xima casa de estudios que comprende Xalapa, Veracruz, Poza Rica-Tuxpan, Orizaba-C\u00f3rdoba y Coatzacoalcos-Minatitl\u00e1n.<\/p>\n\n\n\n<p>En su discurso, el rector Martin Aguilar S\u00e1nchez precis\u00f3 que hoy se inagura un alucinante ciclo de vida tanto personal como acad\u00e9mico.<\/p>\n\n\n\n<p>&#8220;Esta \u00a0es la casa de estudios que recibe a una nueva generaci\u00f3n de estudiantes de los niveles de t\u00e9cnico superior universitario licenciatura y posgrado.\u00a0 Una casa que desde hace 80 a\u00f1os apuesta por el tremendo poder de los saberes y los aprendizajes para incidir constructivamente en las personas las familias las comunidades y tambi\u00e9n el mundo&#8221;, se\u00f1al\u00f3.<\/p>\n\n\n\n<p>Acompa\u00f1ado del gobernador Cuitl\u00e1huac Garc\u00eda Jim\u00e9nez en el evento que se realiz\u00f3 en la Unidad de Servicios Bibliotecarios y de Informaci\u00f3n (USBI), el rector en nombre de todos los miembros de la comunidad de la universidad veracruzana.<\/p>\n\n\n\n<p>Finalmente dijo, &#8220;ofrezco una calurosa y sonora bienvenida a cada uno \u00a0de los estudiantes de nuevo ingreso que hoy comienzan su andadura universitaria e inauguran un ilusionante ciclo de vida tanto a nivel acad\u00e9mico como personal&#8221;.<\/p>\n\n\n\n<figure class=\"wp-block-image size-large\"><img loading=\"lazy\" decoding=\"async\" width=\"1024\" height=\"768\" src=\"https:\/\/encuentroinformativo.com.mx\/wp-content\/uploads\/2024\/08\/1000363976-1024x768.jpg\" alt=\"\" class=\"wp-image-57683\" srcset=\"https:\/\/encuentroinformativo.com.mx\/wp-content\/uploads\/2024\/08\/1000363976-1024x768.jpg 1024w, https:\/\/encuentroinformativo.com.mx\/wp-content\/uploads\/2024\/08\/1000363976-300x225.jpg 300w, https:\/\/encuentroinformativo.com.mx\/wp-content\/uploads\/2024\/08\/1000363976-768x576.jpg 768w, https:\/\/encuentroinformativo.com.mx\/wp-content\/uploads\/2024\/08\/1000363976-1536x1152.jpg 1536w, https:\/\/encuentroinformativo.com.mx\/wp-content\/uploads\/2024\/08\/1000363976.jpg 1600w\" sizes=\"auto, (max-width: 1024px) 100vw, 1024px\" \/><\/figure>\n","protected":false},"excerpt":{"rendered":"<p>Dar\u00edo Pale Xalapa, Ver.- La Universidad Veracruzana (UV), dio la bienvenida a estudiantes de la generaci\u00f3n 2024, mediante una ceremonia en Xalapa, la cual estuvo a cargo del rector de la Universidad Veracruzana (UV), Mart\u00edn Aguilar S\u00e1nchez. Este viernes 18 mil nuevos estudiantes iniciar\u00e1n sus estudios en las cinco regiones de la m\u00e1xima casa de [&hellip;]<\/p>\n","protected":false},"author":2476,"featured_media":57682,"comment_status":"open","ping_status":"open","sticky":false,"template":"","format":"standard","meta":{"_jetpack_memberships_contains_paid_content":false,"footnotes":""},"categories":[3],"tags":[],"class_list":["post-57681","post","type-post","status-publish","format-standard","has-post-thumbnail","hentry","category-xalapa"],"jetpack_featured_media_url":"https:\/\/encuentroinformativo.com.mx\/wp-content\/uploads\/2024\/08\/IMG-20240816-WA0027.jpg","jetpack_sharing_enabled":true,"jetpack_likes_enabled":true,"amp_enabled":true,"_links":{"self":[{"href":"https:\/\/encuentroinformativo.com.mx\/index.php?rest_route=\/wp\/v2\/posts\/57681","targetHints":{"allow":["GET"]}}],"collection":[{"href":"https:\/\/encuentroinformativo.com.mx\/index.php?rest_route=\/wp\/v2\/posts"}],"about":[{"href":"https:\/\/encuentroinformativo.com.mx\/index.php?rest_route=\/wp\/v2\/types\/post"}],"author":[{"embeddable":true,"href":"https:\/\/encuentroinformativo.com.mx\/index.php?rest_route=\/wp\/v2\/users\/2476"}],"replies":[{"embeddable":true,"href":"https:\/\/encuentroinformativo.com.mx\/index.php?rest_route=%2Fwp%2Fv2%2Fcomments&post=57681"}],"version-history":[{"count":1,"href":"https:\/\/encuentroinformativo.com.mx\/index.php?rest_route=\/wp\/v2\/posts\/57681\/revisions"}],"predecessor-version":[{"id":57684,"href":"https:\/\/encuentroinformativo.com.mx\/index.php?rest_route=\/wp\/v2\/posts\/57681\/revisions\/57684"}],"wp:featuredmedia":[{"embeddable":true,"href":"https:\/\/encuentroinformativo.com.mx\/index.php?rest_route=\/wp\/v2\/media\/57682"}],"wp:attachment":[{"href":"https:\/\/encuentroinformativo.com.mx\/index.php?rest_route=%2Fwp%2Fv2%2Fmedia&parent=57681"}],"wp:term":[{"taxonomy":"category","embeddable":true,"href":"https:\/\/encuentroinformativo.com.mx\/index.php?rest_route=%2Fwp%2Fv2%2Fcategories&post=57681"},{"taxonomy":"post_tag","embeddable":true,"href":"https:\/\/encuentroinformativo.com.mx\/index.php?rest_route=%2Fwp%2Fv2%2Ftags&post=57681"}],"curies":[{"name":"wp","href":"https:\/\/api.w.org\/{rel}","templated":true}]}}