{"id":5770,"date":"2020-09-11T15:05:06","date_gmt":"2020-09-11T20:05:06","guid":{"rendered":"https:\/\/encuentroinformativo.com.mx\/?p=5770"},"modified":"2020-09-11T15:05:11","modified_gmt":"2020-09-11T20:05:11","slug":"para-evitar-aglomeraciones-permanecera-cerrado-centro-de-la-ciudad","status":"publish","type":"post","link":"https:\/\/encuentroinformativo.com.mx\/?p=5770","title":{"rendered":"Para evitar aglomeraciones, permanecer\u00e1 cerrado centro de la ciudad"},"content":{"rendered":"\n<p><strong>Juan Arcos <\/strong><\/p>\n\n\n\n<p>Xalapa, Ver.- El gobernador de Veracruz, Cuitl\u00e1huac Garc\u00eda Jim\u00e9nez, anunci\u00f3 que el centro de Xalapa permanecer\u00e1 cerrado, la noche del 15 de septiembre, para evitar aglomeraciones y contagios de SARS-COV-2 (COVID-19).<\/p>\n\n\n\n<p>El mandatario estatal exhort\u00f3 a la poblaci\u00f3n a seguir la transmisi\u00f3n del Grito de Independencia a trav\u00e9s de la radio, televisi\u00f3n y en redes sociales.<\/p>\n\n\n\n<p>En ese sentido, dio a conocer que, en la reuni\u00f3n de los integrantes de Coordinaci\u00f3n para la Construcci\u00f3n de la Paz en Veracruz, se revis\u00f3 y analiz\u00f3 el operativo para el festejo patrio, mismo que ser\u00e1 virtual, debido a que Palacio de Gobierno se encuentra en Xalapa y este municipio contin\u00faa en sem\u00e1foro epidemiol\u00f3gico regional color rojo, de riesgo m\u00e1ximo de contagio.<\/p>\n\n\n\n<p>La ceremonia ser\u00e1 trasmitida por la se\u00f1al de Radio y Televisi\u00f3n de Veracruz (RTV), as\u00ed como tambi\u00e9n, en las redes sociales del gobierno estatal.<\/p>\n\n\n\n<p>\u201cNo habr\u00e1 acceso al centro de la ciudad; se har\u00e1 una transmisi\u00f3n en vivo por RTV y redes de la hist\u00f3rica arenga y las campanadas\u201d, se lee en la cuenta oficial del Gobernador en Twitter.<\/p>\n\n\n\n<p>Garc\u00eda Jim\u00e9nez tambi\u00e9n detall\u00f3 que la poblaci\u00f3n xalape\u00f1a podr\u00e1 apreciar, en sus azoteas, un juego de luces en el cielo que se realizar\u00e1 desde cuatro puntos de la ciudad, al finalizar la ceremonia oficial del Grito de Independencia.<\/p>\n\n\n\n<p>El Gobernador de Veracruz acudi\u00f3 al parque Benito Ju\u00e1rez, para guardar un minuto de silencio por las v\u00edctimas del COVID-19 en la entidad, donde estuvo acompa\u00f1ado de la fiscal general del estado, Ver\u00f3nica Hern\u00e1ndez Giad\u00e1ns, y de la titular del Poder Judicial, Sof\u00eda Mart\u00ednez Huerta.<\/p>\n\n\n\n<p>Cabe recordar que la Secretar\u00eda de Salud de Veracruz report\u00f3, hasta el momento, mil 961 casos positivos en Xalapa, as\u00ed como tambi\u00e9n, 248 defunciones y 224 sospechosos.\u00a0<br>Se trata del segundo municipio con m\u00e1s contagios de COVID-19 en la entidad, despu\u00e9s del puerto de Veracruz, donde hay registro de 6 mil 862 positivos, 880 fallecimientos y 527 casos en investigaci\u00f3n.<\/p>\n\n\n\n<p>A nivel estatal, las autoridades sanitarias contabilizaron 30 mil 321 casos confirmados, 3 mil 967 defunciones y 2 mil 515 casos sospechosos.<\/p>\n","protected":false},"excerpt":{"rendered":"<p>Juan Arcos Xalapa, Ver.- El gobernador de Veracruz, Cuitl\u00e1huac Garc\u00eda Jim\u00e9nez, anunci\u00f3 que el centro de Xalapa permanecer\u00e1 cerrado, la noche del 15 de septiembre, para evitar aglomeraciones y contagios de SARS-COV-2 (COVID-19). El mandatario estatal exhort\u00f3 a la poblaci\u00f3n a seguir la transmisi\u00f3n del Grito de Independencia a trav\u00e9s de la radio, televisi\u00f3n y [&hellip;]<\/p>\n","protected":false},"author":1,"featured_media":5771,"comment_status":"open","ping_status":"open","sticky":false,"template":"","format":"aside","meta":{"_jetpack_memberships_contains_paid_content":false,"footnotes":""},"categories":[3],"tags":[],"class_list":["post-5770","post","type-post","status-publish","format-aside","has-post-thumbnail","hentry","category-xalapa","post_format-post-format-aside"],"jetpack_featured_media_url":"https:\/\/encuentroinformativo.com.mx\/wp-content\/uploads\/2020\/09\/601419D6-548D-49C6-8D93-E6906CBF6141.jpeg","jetpack_sharing_enabled":true,"jetpack_likes_enabled":true,"amp_enabled":true,"_links":{"self":[{"href":"https:\/\/encuentroinformativo.com.mx\/index.php?rest_route=\/wp\/v2\/posts\/5770","targetHints":{"allow":["GET"]}}],"collection":[{"href":"https:\/\/encuentroinformativo.com.mx\/index.php?rest_route=\/wp\/v2\/posts"}],"about":[{"href":"https:\/\/encuentroinformativo.com.mx\/index.php?rest_route=\/wp\/v2\/types\/post"}],"author":[{"embeddable":true,"href":"https:\/\/encuentroinformativo.com.mx\/index.php?rest_route=\/wp\/v2\/users\/1"}],"replies":[{"embeddable":true,"href":"https:\/\/encuentroinformativo.com.mx\/index.php?rest_route=%2Fwp%2Fv2%2Fcomments&post=5770"}],"version-history":[{"count":1,"href":"https:\/\/encuentroinformativo.com.mx\/index.php?rest_route=\/wp\/v2\/posts\/5770\/revisions"}],"predecessor-version":[{"id":5772,"href":"https:\/\/encuentroinformativo.com.mx\/index.php?rest_route=\/wp\/v2\/posts\/5770\/revisions\/5772"}],"wp:featuredmedia":[{"embeddable":true,"href":"https:\/\/encuentroinformativo.com.mx\/index.php?rest_route=\/wp\/v2\/media\/5771"}],"wp:attachment":[{"href":"https:\/\/encuentroinformativo.com.mx\/index.php?rest_route=%2Fwp%2Fv2%2Fmedia&parent=5770"}],"wp:term":[{"taxonomy":"category","embeddable":true,"href":"https:\/\/encuentroinformativo.com.mx\/index.php?rest_route=%2Fwp%2Fv2%2Fcategories&post=5770"},{"taxonomy":"post_tag","embeddable":true,"href":"https:\/\/encuentroinformativo.com.mx\/index.php?rest_route=%2Fwp%2Fv2%2Ftags&post=5770"}],"curies":[{"name":"wp","href":"https:\/\/api.w.org\/{rel}","templated":true}]}}