{"id":57717,"date":"2024-08-18T15:39:29","date_gmt":"2024-08-18T21:39:29","guid":{"rendered":"https:\/\/encuentroinformativo.com.mx\/?p=57717"},"modified":"2024-08-18T15:39:37","modified_gmt":"2024-08-18T21:39:37","slug":"realizaran-feria-del-empleo-de-inclusion-laboral","status":"publish","type":"post","link":"https:\/\/encuentroinformativo.com.mx\/?p=57717","title":{"rendered":"Realizar\u00e1n Feria del Empleo de Inclusi\u00f3n Laboral"},"content":{"rendered":"\n<p><strong>Dar\u00edo Pale <\/strong><\/p>\n\n\n\n<p>Xalapa, Ver.- Invitan a las ferias del empleo dirigidas a los j\u00f3venes que esta dependencia organiza en coordinaci\u00f3n con el Servicio Nacional de Empleo, lament\u00f3 la queja de algunos solicitantes respecto a los salarios, as\u00ed lo dio a conocer la titular de la secretaria del Trabajo, Previsi\u00f3n Social y Productividad en Veracruz, Dorheny Cayetano.<\/p>\n\n\n\n<p>En entrevista se\u00f1al\u00f3 que si bien, algunas empresas ofrecen el salario m\u00ednimo, los j\u00f3venes deben tomar en cuenta que es una oportunidad para tener experiencia y luego aspirar a una mejor contrataci\u00f3n e ingreso.<\/p>\n\n\n\n<p>&#8220;Mucha gente dice que son empleos con el salario m\u00ednimo. Muchas gente se queja de que no hay oportunidades de las alto rango, pero lo importante es que en los primeros empleos, generar experiencia y que esto te permita tomar decisiones m\u00e1s all\u00e1 del aula, que tengas oportunidades de crecimiento ya con esta experiencia&#8221;, se\u00f1al\u00f3.<\/p>\n\n\n\n<p>Expuso que algunas empresas dan la oportunidades no s\u00f3lo de crecimiento, si no de estudio a sus empleados para que puedan ascender y obtener mejores ingresos y prestaciones.<\/p>\n\n\n\n<p>Durante agosto, mes de la juventud, la Secretar\u00eda del Trabajo ha realizado ferias del empleo en algunos como Misantla, Fort\u00edn de las Flores y \u00a0Coatzacoalcos.\u00a0<\/p>\n\n\n\n<p>Por \u00faltimo dijo que, el pr\u00f3ximo mi\u00e9rcoles 21 de agosto se realizar\u00e1 la Feria Nacional del Empleo para la Inclusi\u00f3n Laboral De la Juventud 2024 en la ciudad de Xalapa, en la explanada del parque Ju\u00e1rez, de 9 de la ma\u00f1ana a las 2 de la tarde.<\/p>\n","protected":false},"excerpt":{"rendered":"<p>Dar\u00edo Pale Xalapa, Ver.- Invitan a las ferias del empleo dirigidas a los j\u00f3venes que esta dependencia organiza en coordinaci\u00f3n con el Servicio Nacional de Empleo, lament\u00f3 la queja de algunos solicitantes respecto a los salarios, as\u00ed lo dio a conocer la titular de la secretaria del Trabajo, Previsi\u00f3n Social y Productividad en Veracruz, Dorheny [&hellip;]<\/p>\n","protected":false},"author":2476,"featured_media":57720,"comment_status":"open","ping_status":"open","sticky":false,"template":"","format":"standard","meta":{"_jetpack_memberships_contains_paid_content":false,"footnotes":""},"categories":[2],"tags":[],"class_list":["post-57717","post","type-post","status-publish","format-standard","has-post-thumbnail","hentry","category-estado"],"jetpack_featured_media_url":"https:\/\/encuentroinformativo.com.mx\/wp-content\/uploads\/2024\/08\/IMG-20240817-WA00402.jpg","jetpack_sharing_enabled":true,"jetpack_likes_enabled":true,"amp_enabled":true,"_links":{"self":[{"href":"https:\/\/encuentroinformativo.com.mx\/index.php?rest_route=\/wp\/v2\/posts\/57717","targetHints":{"allow":["GET"]}}],"collection":[{"href":"https:\/\/encuentroinformativo.com.mx\/index.php?rest_route=\/wp\/v2\/posts"}],"about":[{"href":"https:\/\/encuentroinformativo.com.mx\/index.php?rest_route=\/wp\/v2\/types\/post"}],"author":[{"embeddable":true,"href":"https:\/\/encuentroinformativo.com.mx\/index.php?rest_route=\/wp\/v2\/users\/2476"}],"replies":[{"embeddable":true,"href":"https:\/\/encuentroinformativo.com.mx\/index.php?rest_route=%2Fwp%2Fv2%2Fcomments&post=57717"}],"version-history":[{"count":1,"href":"https:\/\/encuentroinformativo.com.mx\/index.php?rest_route=\/wp\/v2\/posts\/57717\/revisions"}],"predecessor-version":[{"id":57719,"href":"https:\/\/encuentroinformativo.com.mx\/index.php?rest_route=\/wp\/v2\/posts\/57717\/revisions\/57719"}],"wp:featuredmedia":[{"embeddable":true,"href":"https:\/\/encuentroinformativo.com.mx\/index.php?rest_route=\/wp\/v2\/media\/57720"}],"wp:attachment":[{"href":"https:\/\/encuentroinformativo.com.mx\/index.php?rest_route=%2Fwp%2Fv2%2Fmedia&parent=57717"}],"wp:term":[{"taxonomy":"category","embeddable":true,"href":"https:\/\/encuentroinformativo.com.mx\/index.php?rest_route=%2Fwp%2Fv2%2Fcategories&post=57717"},{"taxonomy":"post_tag","embeddable":true,"href":"https:\/\/encuentroinformativo.com.mx\/index.php?rest_route=%2Fwp%2Fv2%2Ftags&post=57717"}],"curies":[{"name":"wp","href":"https:\/\/api.w.org\/{rel}","templated":true}]}}