{"id":57724,"date":"2024-08-19T09:16:08","date_gmt":"2024-08-19T15:16:08","guid":{"rendered":"https:\/\/encuentroinformativo.com.mx\/?p=57724"},"modified":"2024-08-19T09:16:15","modified_gmt":"2024-08-19T15:16:15","slug":"presidenta-con-a","status":"publish","type":"post","link":"https:\/\/encuentroinformativo.com.mx\/?p=57724","title":{"rendered":"PRESIDENTA CON \u201cA\u201d"},"content":{"rendered":"\n<p><strong>N\u00fameros Rojos<\/strong><\/p>\n\n\n\n<p><strong>Brenda Caballero<\/strong><\/p>\n\n\n\n<p>\u00a1200 A\u00f1os tuvieron que pasar para que M\u00e9xico tuviera su primera Presidenta! 200 a\u00f1os de Independencia para que se rompiera el Techo de Cristal y se lograra que una mujer se sentara en la silla presidencial.<\/p>\n\n\n\n<p>200 A\u00f1os de lucha de mujeres que a trav\u00e9s de la historia pugnaron por sus derechos en un pa\u00eds donde la pol\u00edtica era dominada por hombres.<\/p>\n\n\n\n<p>Es de reconocer que algunos de ellos han cedido poco a poco sus espacios mediante el acuerdo, pero no todos; en algunos casos, ellas han tenido que arrebat\u00e1rselos mediante la lucha y hasta la denuncia. As\u00ed es como se ha logrado llegar a la Paridad en Todo.<\/p>\n\n\n\n<p>Una Paridad que hoy nos lleva a tener a la Primera Presidenta de M\u00e9xico y de Am\u00e9rica del Norte en la figura de Claudia Sheinbaum Pardo quien gobernar\u00e1 del 2024 al 2030.<\/p>\n\n\n\n<p>No es menor su triunfo, pues 35 millones&nbsp; de mexicanas y mexicanos votaron por ella en un pa\u00eds considerado machista y hasta no preparado para ser gobernado por una mujer.<\/p>\n\n\n\n<p>La semana pasada Claudia Sheinbaum Pardo recibi\u00f3 su constancia de mayor\u00eda por parte del Tribunal Electoral del Poder Judicial de la Federaci\u00f3n (TEPJF), que la acredita como la Primera Presidenta Electa de M\u00e9xico y all\u00ed dio un discurso que seguramente cambiar\u00e1 el chip de la sociedad.<\/p>\n\n\n\n<p>De sus palabras resalto la frase que ya tra\u00eda desde la campa\u00f1a: \u201cNo llego sola, llegamos todas\u201d; cita que ha servido de empoderamiento mutuo entre ella y otras mujeres pol\u00edticas que han llegado a otras dependencias y organismos como parte de la paridad y el feminismo.<\/p>\n\n\n\n<p>Cuando habla en su discurso de \u201cllegar todas\u201d, habla de las mujeres visibles y tambi\u00e9n las invisibles, de nuestras abuelas, nuestras madres, nuestras hijas y nuestras nietas, as\u00ed como de las m\u00e1s vulnerables por las cuales se compromete a luchar para seguir construyendo igualdad y libertad para todas las mexicanas.<\/p>\n\n\n\n<p>Sin duda esta parte de su discurso debe cobrar fuerza en el an\u00e1lisis de sus primeros 100 d\u00edas, ya que siendo un pa\u00eds con m\u00e1s mujeres que hombres, que igual se refleja en el padr\u00f3n electoral, ella obtuvo menos votos de las mujeres.<\/p>\n\n\n\n<p>\u00bfPor qu\u00e9 Claudia obtuvo el 62 por ciento de votos por parte de hombres y el 56 por ciento de las mujeres? \u00bfNo sintieron el empoderamiento femenino o no fue suficiente el \u201cNo llego sola, llegamos todas\u201d?<\/p>\n\n\n\n<p>En su discurso resalt\u00f3 c\u00f3mo quiere ser llamada durante su mandato: Presidenta con A. Hasta parec\u00eda mensaje subliminal a Gerardo Fern\u00e1ndez Noro\u00f1a, quien tuvo que hacer un \u201cen vivo\u201d para decir que tendr\u00e1 que cambiarse el chip y ya no la llamar\u00e1 \u201ccompa\u00f1era presidente\u201d como hab\u00eda dicho anteriormente, por sentirlo \u00e9l m\u00e1s c\u00f3modo.<\/p>\n\n\n\n<p>Con ello, Claudia deja un precedente para ahorrarse la confusi\u00f3n de los que hoy en d\u00eda a\u00fan tienen dudas del lenguaje inclusivo.<\/p>\n\n\n\n<p>Estamos a un mes y d\u00edas de que Sheinbaum tome posesi\u00f3n de la Presidencia y las preguntas surgen: \u00bfMejorar\u00e1 la calidad de vida de las mujeres con una Mujer Presidenta del Pa\u00eds? \u00bfSeguir\u00e1 la Paridad o habr\u00e1 retroceso?<\/p>\n\n\n\n<p>La llegada de Claudia debe ser un momento hist\u00f3rico en el pa\u00eds, el que hemos esperado muchas mujeres, no importa el color partidista, debemos celebrar el rompimiento del techo de cristal, pues de sus hechos y acciones \u201cque el pueblo se lo demande\u201d.<\/p>\n","protected":false},"excerpt":{"rendered":"<p>N\u00fameros Rojos Brenda Caballero \u00a1200 A\u00f1os tuvieron que pasar para que M\u00e9xico tuviera su primera Presidenta! 200 a\u00f1os de Independencia para que se rompiera el Techo de Cristal y se lograra que una mujer se sentara en la silla presidencial. 200 A\u00f1os de lucha de mujeres que a trav\u00e9s de la historia pugnaron por sus [&hellip;]<\/p>\n","protected":false},"author":2476,"featured_media":387,"comment_status":"open","ping_status":"open","sticky":false,"template":"","format":"standard","meta":{"_jetpack_memberships_contains_paid_content":false,"footnotes":""},"categories":[11],"tags":[],"class_list":["post-57724","post","type-post","status-publish","format-standard","has-post-thumbnail","hentry","category-opinion"],"jetpack_featured_media_url":"https:\/\/encuentroinformativo.com.mx\/wp-content\/uploads\/2020\/03\/7CF8A22B-2764-47BE-8F7F-38FE9E5D6A2F.jpeg","jetpack_sharing_enabled":true,"jetpack_likes_enabled":true,"amp_enabled":true,"_links":{"self":[{"href":"https:\/\/encuentroinformativo.com.mx\/index.php?rest_route=\/wp\/v2\/posts\/57724","targetHints":{"allow":["GET"]}}],"collection":[{"href":"https:\/\/encuentroinformativo.com.mx\/index.php?rest_route=\/wp\/v2\/posts"}],"about":[{"href":"https:\/\/encuentroinformativo.com.mx\/index.php?rest_route=\/wp\/v2\/types\/post"}],"author":[{"embeddable":true,"href":"https:\/\/encuentroinformativo.com.mx\/index.php?rest_route=\/wp\/v2\/users\/2476"}],"replies":[{"embeddable":true,"href":"https:\/\/encuentroinformativo.com.mx\/index.php?rest_route=%2Fwp%2Fv2%2Fcomments&post=57724"}],"version-history":[{"count":1,"href":"https:\/\/encuentroinformativo.com.mx\/index.php?rest_route=\/wp\/v2\/posts\/57724\/revisions"}],"predecessor-version":[{"id":57725,"href":"https:\/\/encuentroinformativo.com.mx\/index.php?rest_route=\/wp\/v2\/posts\/57724\/revisions\/57725"}],"wp:featuredmedia":[{"embeddable":true,"href":"https:\/\/encuentroinformativo.com.mx\/index.php?rest_route=\/wp\/v2\/media\/387"}],"wp:attachment":[{"href":"https:\/\/encuentroinformativo.com.mx\/index.php?rest_route=%2Fwp%2Fv2%2Fmedia&parent=57724"}],"wp:term":[{"taxonomy":"category","embeddable":true,"href":"https:\/\/encuentroinformativo.com.mx\/index.php?rest_route=%2Fwp%2Fv2%2Fcategories&post=57724"},{"taxonomy":"post_tag","embeddable":true,"href":"https:\/\/encuentroinformativo.com.mx\/index.php?rest_route=%2Fwp%2Fv2%2Ftags&post=57724"}],"curies":[{"name":"wp","href":"https:\/\/api.w.org\/{rel}","templated":true}]}}