{"id":5773,"date":"2020-09-11T17:08:54","date_gmt":"2020-09-11T22:08:54","guid":{"rendered":"https:\/\/encuentroinformativo.com.mx\/?p=5773"},"modified":"2020-09-11T17:08:56","modified_gmt":"2020-09-11T22:08:56","slug":"ceapp-no-brinda-piso-parejo-acusa-diputado","status":"publish","type":"post","link":"https:\/\/encuentroinformativo.com.mx\/?p=5773","title":{"rendered":"CEAPP no brinda \u201cpiso parejo\u201d, acusa diputado"},"content":{"rendered":"\n<p><strong>Dar\u00edo Pale <\/strong><\/p>\n\n\n\n<p>Xalapa, Ver.- El morenista, Augusto Nah\u00fam \u00c1lvarez Pellico, denunci\u00f3 que en \u00a0la Comisi\u00f3n Estatal \u00a0de Atenci\u00f3n y Protecci\u00f3n a \u00a0Periodistas (CEAPP), &#8220;no hay piso parejo para todos los comunicadores y eso lo saben todos&#8221;.<br><br>Por lo que adelant\u00f3 modificaciones en ese organismo, &#8220;vamos a hacer una modificaci\u00f3n a la CEAPP, entendemos que hay algunas lagunas y vamos a trabajar en ellas, por ejemplo uno de los temas es que no hay piso parejo para los periodistas y eso lo saben todos los comunicadores del estado&#8221;.<\/p>\n\n\n\n<p>En esa t\u00f3nica &#8220;solo a algunos comunicadores se les da atenci\u00f3n y lo que buscamos es que sea en general&#8221;.<\/p>\n\n\n\n<p>Otro de los puntos es la distribuci\u00f3n de los comisionados en la CEAPP &#8220;es otro tema que vamos a estar trabajando&#8221;, apunt\u00f3 el diputado \u00c1lvarez Pellico.<\/p>\n\n\n\n<p>En cuanto al reciente homicidio del comunicador Julio Valdivia, el legislador morenista pidi\u00f3 a la Fiscal\u00eda general del estado que no quede impune este caso.<\/p>\n\n\n\n<p>&#8220;Nosotros tenemos el reporte de que no contaba con protecci\u00f3n, obviamente porque no se hab\u00eda acercado, pero nosotros condenamos estos hechos violentos que se han vivido&#8221;.<\/p>\n\n\n\n<p>De ah\u00ed que vamos a exigir, dijo, a la Fiscal Ver\u00f3nica Hern\u00e1ndez Giad\u00e1ns &#8220;para que realice su trabajo y no se deje suelta ninguna l\u00ednea de investigaci\u00f3n, y se castigue a los responsables, porque en este gobierno de la cuarta transformaci\u00f3n no se va a permitir absolutamente a nadie que quiera coartar la libertad de expresi\u00f3n en Veracruz.<\/p>\n","protected":false},"excerpt":{"rendered":"<p>Dar\u00edo Pale Xalapa, Ver.- El morenista, Augusto Nah\u00fam \u00c1lvarez Pellico, denunci\u00f3 que en \u00a0la Comisi\u00f3n Estatal \u00a0de Atenci\u00f3n y Protecci\u00f3n a \u00a0Periodistas (CEAPP), &#8220;no hay piso parejo para todos los comunicadores y eso lo saben todos&#8221;. Por lo que adelant\u00f3 modificaciones en ese organismo, &#8220;vamos a hacer una modificaci\u00f3n a la CEAPP, entendemos que hay [&hellip;]<\/p>\n","protected":false},"author":1,"featured_media":5774,"comment_status":"open","ping_status":"open","sticky":false,"template":"","format":"aside","meta":{"_jetpack_memberships_contains_paid_content":false,"footnotes":""},"categories":[2],"tags":[],"class_list":["post-5773","post","type-post","status-publish","format-aside","has-post-thumbnail","hentry","category-estado","post_format-post-format-aside"],"jetpack_featured_media_url":"https:\/\/encuentroinformativo.com.mx\/wp-content\/uploads\/2020\/09\/13452A6E-3D59-497B-A617-E6991AB05F2E.jpeg","jetpack_sharing_enabled":true,"jetpack_likes_enabled":true,"amp_enabled":true,"_links":{"self":[{"href":"https:\/\/encuentroinformativo.com.mx\/index.php?rest_route=\/wp\/v2\/posts\/5773","targetHints":{"allow":["GET"]}}],"collection":[{"href":"https:\/\/encuentroinformativo.com.mx\/index.php?rest_route=\/wp\/v2\/posts"}],"about":[{"href":"https:\/\/encuentroinformativo.com.mx\/index.php?rest_route=\/wp\/v2\/types\/post"}],"author":[{"embeddable":true,"href":"https:\/\/encuentroinformativo.com.mx\/index.php?rest_route=\/wp\/v2\/users\/1"}],"replies":[{"embeddable":true,"href":"https:\/\/encuentroinformativo.com.mx\/index.php?rest_route=%2Fwp%2Fv2%2Fcomments&post=5773"}],"version-history":[{"count":1,"href":"https:\/\/encuentroinformativo.com.mx\/index.php?rest_route=\/wp\/v2\/posts\/5773\/revisions"}],"predecessor-version":[{"id":5775,"href":"https:\/\/encuentroinformativo.com.mx\/index.php?rest_route=\/wp\/v2\/posts\/5773\/revisions\/5775"}],"wp:featuredmedia":[{"embeddable":true,"href":"https:\/\/encuentroinformativo.com.mx\/index.php?rest_route=\/wp\/v2\/media\/5774"}],"wp:attachment":[{"href":"https:\/\/encuentroinformativo.com.mx\/index.php?rest_route=%2Fwp%2Fv2%2Fmedia&parent=5773"}],"wp:term":[{"taxonomy":"category","embeddable":true,"href":"https:\/\/encuentroinformativo.com.mx\/index.php?rest_route=%2Fwp%2Fv2%2Fcategories&post=5773"},{"taxonomy":"post_tag","embeddable":true,"href":"https:\/\/encuentroinformativo.com.mx\/index.php?rest_route=%2Fwp%2Fv2%2Ftags&post=5773"}],"curies":[{"name":"wp","href":"https:\/\/api.w.org\/{rel}","templated":true}]}}