{"id":57747,"date":"2024-08-19T13:04:27","date_gmt":"2024-08-19T19:04:27","guid":{"rendered":"https:\/\/encuentroinformativo.com.mx\/?p=57747"},"modified":"2024-08-19T13:04:34","modified_gmt":"2024-08-19T19:04:34","slug":"cuatro-municipios-beneficiados-con-proyecto-capacitacion-para-el-autoempleo","status":"publish","type":"post","link":"https:\/\/encuentroinformativo.com.mx\/?p=57747","title":{"rendered":"Cuatro municipios beneficiados con proyecto Capacitaci\u00f3n para el Autoempleo"},"content":{"rendered":"\n<p><strong>Alejandro \u00c1vila<\/strong><\/p>\n\n\n\n<p>Veracruz, Ver.- Municipios como Boca del R\u00edo, Medell\u00edn de Bravo y Jamapa han sido beneficiados con el proyecto que inici\u00f3 la regidora, Lissethe Mart\u00ednez Echeverr\u00eda, denominado Capacitaci\u00f3n para el Autoempleo en tu Colonia.<\/p>\n\n\n\n<p>La edil emanada del partido Morena, mencion\u00f3 que esta iniciativa tiene m\u00e1s de 10 a\u00f1os, la cual comenz\u00f3 a trav\u00e9s del programa L\u00edderes Solidarios de su fundaci\u00f3n Mujeres de Impacto Social; en ese sentido, expuso que en el mes de septiembre iniciar\u00e1 el segundo ciclo del 2024 para el municipio de Veracruz.<\/p>\n\n\n\n<p>&#8220;Llevamos estos cursos gratuitos a las diferentes colonias de nuestro municipio y tambi\u00e9n en Boca del R\u00edo, Medell\u00edn y tambi\u00e9n hemos llevado cursos gratuitos hasta Jamapa (\u2026) tenemos una cartera abierta de posibilidades para el autoempleo y la capacitaci\u00f3n para el oficio, sin embargo, nosotros hacemos un diagn\u00f3stico previo en la comunidad para llevar el curso con base en la necesidad de la colonia y ah\u00ed la ciudadan\u00eda, la poblaci\u00f3n, decide que es lo que quiere aprender para que sea \u00f3ptimo y para que sea accesible para ellos en tiempos y conocimiento&#8221;, coment\u00f3.<\/p>\n\n\n\n<p>En otro tema, Lissethe Mart\u00ednez, dijo adem\u00e1s que estar\u00e1 otorgando 200 becas gratuitas para terminar el bachillerato en l\u00ednea; un porcentaje de descuento lo otorga el Sistema Emergente Operativo a trav\u00e9s del bachillerato en l\u00ednea de Veracruz y, el otro porcentaje restante lo absorbe la propia regidora.<\/p>\n\n\n\n<p>&#8220;Afortunadamente mi visi\u00f3n ha sido siempre de poder empoderar a las familias veracruzanas a trav\u00e9s de herramientas de la educaci\u00f3n, creo y soy fiel creyente de que la educaci\u00f3n es la base del progreso en una sociedad, y si generamos los mecanismos para darles una accesibilidad a la educaci\u00f3n a todas las personas, vamos a llevar a nuestro municipio hacia un progreso sustantivo&#8221;, expres\u00f3.<\/p>\n\n\n\n<p>Finalmente, la morenista record\u00f3 que desde que tom\u00f3 el cargo ha conseguido diversos apoyos educativos con instituciones privadas donde se han podido ofertar desde inscripciones gratuitas hasta mensualidades al 50 por ciento, para niveles de estudio primario, secundario, bachillerato y universidad.<\/p>\n","protected":false},"excerpt":{"rendered":"<p>Alejandro \u00c1vila Veracruz, Ver.- Municipios como Boca del R\u00edo, Medell\u00edn de Bravo y Jamapa han sido beneficiados con el proyecto que inici\u00f3 la regidora, Lissethe Mart\u00ednez Echeverr\u00eda, denominado Capacitaci\u00f3n para el Autoempleo en tu Colonia. La edil emanada del partido Morena, mencion\u00f3 que esta iniciativa tiene m\u00e1s de 10 a\u00f1os, la cual comenz\u00f3 a trav\u00e9s [&hellip;]<\/p>\n","protected":false},"author":2476,"featured_media":57748,"comment_status":"open","ping_status":"open","sticky":false,"template":"","format":"standard","meta":{"_jetpack_memberships_contains_paid_content":false,"footnotes":""},"categories":[2],"tags":[],"class_list":["post-57747","post","type-post","status-publish","format-standard","has-post-thumbnail","hentry","category-estado"],"jetpack_featured_media_url":"https:\/\/encuentroinformativo.com.mx\/wp-content\/uploads\/2024\/08\/IMG-20240819-WA00382.jpg","jetpack_sharing_enabled":true,"jetpack_likes_enabled":true,"amp_enabled":true,"_links":{"self":[{"href":"https:\/\/encuentroinformativo.com.mx\/index.php?rest_route=\/wp\/v2\/posts\/57747","targetHints":{"allow":["GET"]}}],"collection":[{"href":"https:\/\/encuentroinformativo.com.mx\/index.php?rest_route=\/wp\/v2\/posts"}],"about":[{"href":"https:\/\/encuentroinformativo.com.mx\/index.php?rest_route=\/wp\/v2\/types\/post"}],"author":[{"embeddable":true,"href":"https:\/\/encuentroinformativo.com.mx\/index.php?rest_route=\/wp\/v2\/users\/2476"}],"replies":[{"embeddable":true,"href":"https:\/\/encuentroinformativo.com.mx\/index.php?rest_route=%2Fwp%2Fv2%2Fcomments&post=57747"}],"version-history":[{"count":1,"href":"https:\/\/encuentroinformativo.com.mx\/index.php?rest_route=\/wp\/v2\/posts\/57747\/revisions"}],"predecessor-version":[{"id":57749,"href":"https:\/\/encuentroinformativo.com.mx\/index.php?rest_route=\/wp\/v2\/posts\/57747\/revisions\/57749"}],"wp:featuredmedia":[{"embeddable":true,"href":"https:\/\/encuentroinformativo.com.mx\/index.php?rest_route=\/wp\/v2\/media\/57748"}],"wp:attachment":[{"href":"https:\/\/encuentroinformativo.com.mx\/index.php?rest_route=%2Fwp%2Fv2%2Fmedia&parent=57747"}],"wp:term":[{"taxonomy":"category","embeddable":true,"href":"https:\/\/encuentroinformativo.com.mx\/index.php?rest_route=%2Fwp%2Fv2%2Fcategories&post=57747"},{"taxonomy":"post_tag","embeddable":true,"href":"https:\/\/encuentroinformativo.com.mx\/index.php?rest_route=%2Fwp%2Fv2%2Ftags&post=57747"}],"curies":[{"name":"wp","href":"https:\/\/api.w.org\/{rel}","templated":true}]}}