{"id":57753,"date":"2024-08-19T13:13:52","date_gmt":"2024-08-19T19:13:52","guid":{"rendered":"https:\/\/encuentroinformativo.com.mx\/?p=57753"},"modified":"2024-08-19T13:13:58","modified_gmt":"2024-08-19T19:13:58","slug":"retornan-a-clases-mas-de-300-mil-estudiantes-de-educacion-superior","status":"publish","type":"post","link":"https:\/\/encuentroinformativo.com.mx\/?p=57753","title":{"rendered":"Retornan a clases m\u00e1s de 300 mil estudiantes de educaci\u00f3n superior"},"content":{"rendered":"\n<p><strong>Dar\u00edo Pale<\/strong><\/p>\n\n\n\n<p>Xalapa, Ver.- El secretario de Educaci\u00f3n, V\u00edctor Vargas Barrientos, dio a conocer que este lunes 311 mil 393 estudiantes de Educaci\u00f3n Media Superior y Superior en el estado regresaron a clases luego del receso escolar de verano.\u00a0<\/p>\n\n\n\n<p>En su mensaje precis\u00f3 que el regreso se dio de manera regular en \u00a0mil 832 escuelas atendidas por 20 mil 964 docentes.\u00a0<\/p>\n\n\n\n<p>Al encabezar la ceremonia de bienvenida en la escuela de bachilleres Art\u00edculo Tercero Constitucional, destac\u00f3 que en todos los municipios del estado se \u00a0dio este regreso en el nuevo ciclo escolar en el semestre.\u00a0<\/p>\n\n\n\n<p>Acompa\u00f1ado de la pr\u00f3xima secretaria de Educaci\u00f3n, Claudia Tello Espinosa, dijo a los j\u00f3venes de bachillerato que son el presente y futuro de la naci\u00f3n.\u00a0<\/p>\n\n\n\n<p>&#8220;Espero que este ciclo escolar sea de mucho provecho en el que nutran su intelecto, pero tambi\u00e9n sus emociones, adem\u00e1s de cuidar su salud f\u00edsica y mental&#8221;, se\u00f1al\u00f3.<\/p>\n\n\n\n<p>Finalmente coment\u00f3 que, ser\u00e1 el pr\u00f3ximo 26 de agosto cuando m\u00e1s de un mill\u00f3n de estudiantes regresen a clases en el nivel de educaci\u00f3n b\u00e1sica, de preescolar a secundaria.<\/p>\n","protected":false},"excerpt":{"rendered":"<p>Dar\u00edo Pale Xalapa, Ver.- El secretario de Educaci\u00f3n, V\u00edctor Vargas Barrientos, dio a conocer que este lunes 311 mil 393 estudiantes de Educaci\u00f3n Media Superior y Superior en el estado regresaron a clases luego del receso escolar de verano.\u00a0 En su mensaje precis\u00f3 que el regreso se dio de manera regular en \u00a0mil 832 escuelas [&hellip;]<\/p>\n","protected":false},"author":2476,"featured_media":57754,"comment_status":"open","ping_status":"open","sticky":false,"template":"","format":"standard","meta":{"_jetpack_memberships_contains_paid_content":false,"footnotes":""},"categories":[2],"tags":[],"class_list":["post-57753","post","type-post","status-publish","format-standard","has-post-thumbnail","hentry","category-estado"],"jetpack_featured_media_url":"https:\/\/encuentroinformativo.com.mx\/wp-content\/uploads\/2024\/08\/IMG-20240819-WA00482.jpg","jetpack_sharing_enabled":true,"jetpack_likes_enabled":true,"amp_enabled":true,"_links":{"self":[{"href":"https:\/\/encuentroinformativo.com.mx\/index.php?rest_route=\/wp\/v2\/posts\/57753","targetHints":{"allow":["GET"]}}],"collection":[{"href":"https:\/\/encuentroinformativo.com.mx\/index.php?rest_route=\/wp\/v2\/posts"}],"about":[{"href":"https:\/\/encuentroinformativo.com.mx\/index.php?rest_route=\/wp\/v2\/types\/post"}],"author":[{"embeddable":true,"href":"https:\/\/encuentroinformativo.com.mx\/index.php?rest_route=\/wp\/v2\/users\/2476"}],"replies":[{"embeddable":true,"href":"https:\/\/encuentroinformativo.com.mx\/index.php?rest_route=%2Fwp%2Fv2%2Fcomments&post=57753"}],"version-history":[{"count":1,"href":"https:\/\/encuentroinformativo.com.mx\/index.php?rest_route=\/wp\/v2\/posts\/57753\/revisions"}],"predecessor-version":[{"id":57755,"href":"https:\/\/encuentroinformativo.com.mx\/index.php?rest_route=\/wp\/v2\/posts\/57753\/revisions\/57755"}],"wp:featuredmedia":[{"embeddable":true,"href":"https:\/\/encuentroinformativo.com.mx\/index.php?rest_route=\/wp\/v2\/media\/57754"}],"wp:attachment":[{"href":"https:\/\/encuentroinformativo.com.mx\/index.php?rest_route=%2Fwp%2Fv2%2Fmedia&parent=57753"}],"wp:term":[{"taxonomy":"category","embeddable":true,"href":"https:\/\/encuentroinformativo.com.mx\/index.php?rest_route=%2Fwp%2Fv2%2Fcategories&post=57753"},{"taxonomy":"post_tag","embeddable":true,"href":"https:\/\/encuentroinformativo.com.mx\/index.php?rest_route=%2Fwp%2Fv2%2Ftags&post=57753"}],"curies":[{"name":"wp","href":"https:\/\/api.w.org\/{rel}","templated":true}]}}