{"id":57756,"date":"2024-08-19T13:21:26","date_gmt":"2024-08-19T19:21:26","guid":{"rendered":"https:\/\/encuentroinformativo.com.mx\/?p=57756"},"modified":"2024-08-19T13:21:31","modified_gmt":"2024-08-19T19:21:31","slug":"acusan-afectaciones-por-drenaje-en-jilotepec","status":"publish","type":"post","link":"https:\/\/encuentroinformativo.com.mx\/?p=57756","title":{"rendered":"Acusan afectaciones por drenaje en Jilotepec"},"content":{"rendered":"\n<p><strong>Dar\u00edo Pale <\/strong><\/p>\n\n\n\n<p>Xalapa, Ver.- Denuncian las afectaciones causadas por un drenaje que se encuentra expuesto desde hace m\u00e1s de un a\u00f1o, as\u00ed lo dieron a conocer, los habitantes de la localidad La Concepci\u00f3n, del municipio de Jilotepec.<\/p>\n\n\n\n<p>Indicaron que esto deriva en el derrame de aguas negras en el Andador Villahermosa del Conjunto Habitacional La Concepci\u00f3n, situaci\u00f3n que ya fue reportada ante las autoridades municipales sin recibir respuesta.<\/p>\n\n\n\n<p>&#8220;Ya se gestion\u00f3 con el alcalde, tiene m\u00e1s de un a\u00f1o, y con el Patronato del Conjunto, y solo toman fotos y nada&#8221;, se\u00f1al\u00f3 uno de los vecinos inconformes.<\/p>\n\n\n\n<p>El Conjunto Habitacional se ubica atr\u00e1s del parque principal y la plaza c\u00edvica de la localidad. Y alrededor del drenaje hay postes de luz y casas afectadas.<\/p>\n\n\n\n<p>Esto representa un riesgo para personas de la tercera edad, mujeres y ni\u00f1os que caminan diariamente por las escalinatas en las que incluso se est\u00e1 formando un socav\u00f3n.<\/p>\n\n\n\n<p>Por \u00faltimo los vecinos advirtieron que adem\u00e1s del riesgo, el drenaje representa un foco de infecci\u00f3n para los habitantes debido a los olores f\u00e9tidos que emanan las aguas negras.<\/p>\n","protected":false},"excerpt":{"rendered":"<p>Dar\u00edo Pale Xalapa, Ver.- Denuncian las afectaciones causadas por un drenaje que se encuentra expuesto desde hace m\u00e1s de un a\u00f1o, as\u00ed lo dieron a conocer, los habitantes de la localidad La Concepci\u00f3n, del municipio de Jilotepec. Indicaron que esto deriva en el derrame de aguas negras en el Andador Villahermosa del Conjunto Habitacional La [&hellip;]<\/p>\n","protected":false},"author":2476,"featured_media":57757,"comment_status":"open","ping_status":"open","sticky":false,"template":"","format":"standard","meta":{"_jetpack_memberships_contains_paid_content":false,"footnotes":""},"categories":[8],"tags":[],"class_list":["post-57756","post","type-post","status-publish","format-standard","has-post-thumbnail","hentry","category-region"],"jetpack_featured_media_url":"https:\/\/encuentroinformativo.com.mx\/wp-content\/uploads\/2024\/08\/IMG-20240819-WA0068.jpg","jetpack_sharing_enabled":true,"jetpack_likes_enabled":true,"amp_enabled":true,"_links":{"self":[{"href":"https:\/\/encuentroinformativo.com.mx\/index.php?rest_route=\/wp\/v2\/posts\/57756","targetHints":{"allow":["GET"]}}],"collection":[{"href":"https:\/\/encuentroinformativo.com.mx\/index.php?rest_route=\/wp\/v2\/posts"}],"about":[{"href":"https:\/\/encuentroinformativo.com.mx\/index.php?rest_route=\/wp\/v2\/types\/post"}],"author":[{"embeddable":true,"href":"https:\/\/encuentroinformativo.com.mx\/index.php?rest_route=\/wp\/v2\/users\/2476"}],"replies":[{"embeddable":true,"href":"https:\/\/encuentroinformativo.com.mx\/index.php?rest_route=%2Fwp%2Fv2%2Fcomments&post=57756"}],"version-history":[{"count":1,"href":"https:\/\/encuentroinformativo.com.mx\/index.php?rest_route=\/wp\/v2\/posts\/57756\/revisions"}],"predecessor-version":[{"id":57758,"href":"https:\/\/encuentroinformativo.com.mx\/index.php?rest_route=\/wp\/v2\/posts\/57756\/revisions\/57758"}],"wp:featuredmedia":[{"embeddable":true,"href":"https:\/\/encuentroinformativo.com.mx\/index.php?rest_route=\/wp\/v2\/media\/57757"}],"wp:attachment":[{"href":"https:\/\/encuentroinformativo.com.mx\/index.php?rest_route=%2Fwp%2Fv2%2Fmedia&parent=57756"}],"wp:term":[{"taxonomy":"category","embeddable":true,"href":"https:\/\/encuentroinformativo.com.mx\/index.php?rest_route=%2Fwp%2Fv2%2Fcategories&post=57756"},{"taxonomy":"post_tag","embeddable":true,"href":"https:\/\/encuentroinformativo.com.mx\/index.php?rest_route=%2Fwp%2Fv2%2Ftags&post=57756"}],"curies":[{"name":"wp","href":"https:\/\/api.w.org\/{rel}","templated":true}]}}