{"id":57759,"date":"2024-08-19T14:47:26","date_gmt":"2024-08-19T20:47:26","guid":{"rendered":"https:\/\/encuentroinformativo.com.mx\/?p=57759"},"modified":"2024-08-19T14:47:32","modified_gmt":"2024-08-19T20:47:32","slug":"con-lonas-protestan-en-instalaciones-del-poder-judicial","status":"publish","type":"post","link":"https:\/\/encuentroinformativo.com.mx\/?p=57759","title":{"rendered":"Con lonas, protestan en instalaciones del Poder Judicial"},"content":{"rendered":"\n<p><strong>Dar\u00edo Pale <\/strong><\/p>\n\n\n\n<p>Xalapa, Ver.- Con lonas, inician protestas en instalaciones del Poder Judicial de la Federaci\u00f3n ubicadas en Xalapa, de esta forma se unen a la protesta que realizan sus compa\u00f1eros en la Ciudad de M\u00e9xico, por el rechazo a la reforma al poder judicial.<\/p>\n\n\n\n<p>Las expresiones de rechazo fueron colgadas en los edificios ubicados sobre la avenida Arco Sur, mismas en las que los juzgadores federales reiteraron su postura &#8220;por la defensa de tus derechos&#8221;.<\/p>\n\n\n\n<p>Aunque a nivel nacional los paros laborales iniciaron desde este 19 de agosto, en la entidad veracruzana ser\u00e1 hasta el primer minuto del mi\u00e9rcoles 21 de agosto.<\/p>\n\n\n\n<p>As\u00ed lo confirmaron los propios trabajadores, quienes explicaron que en el S\u00e9ptimo Circuito del PJF con sede en Xalapa, Boca del R\u00edo, C\u00f3rdoba, Tuxpan, Poza Rica, Villa Aldama y Emiliano Zapata se acord\u00f3 que la suspensi\u00f3n de labores se ajustar\u00e1 a la determinaci\u00f3n interna de cada circuito.<\/p>\n\n\n\n<p>\u201cLa opini\u00f3n mayoritaria decidi\u00f3 iniciar la suspensi\u00f3n de labores el mi\u00e9rcoles 21 de agosto\u201d, explic\u00f3 el personal.<\/p>\n\n\n\n<p>El paro de labores se realizar\u00e1 en conjunto con los Circuitos Unidos y la Asociaci\u00f3n Nacional de Magistrados de Circuito y Jueces del Poder Judicial de la Federaci\u00f3n.<\/p>\n\n\n\n<p>Subrayaron que es urgente advertir que la reforma propuesta por el Ejecutivo Federal pretende someter al Poder Judicial de la Federaci\u00f3n, al que calificaron como el \u00fanico contrapeso entre los Poderes de la Uni\u00f3n.<\/p>\n\n\n\n<p>Por \u00faltimo cabe se\u00f1alar que adem\u00e1s de que insistieron en que el Poder Judicial Federal &#8220;es garante de los derechos de todo el pueblo de M\u00e9xico contra los abusos y arbitrariedades de las autoridades\u201d.<\/p>\n\n\n\n<figure class=\"wp-block-image size-large\"><img loading=\"lazy\" decoding=\"async\" width=\"1024\" height=\"768\" src=\"https:\/\/encuentroinformativo.com.mx\/wp-content\/uploads\/2024\/08\/1000366240-1024x768.jpg\" alt=\"\" class=\"wp-image-57761\" srcset=\"https:\/\/encuentroinformativo.com.mx\/wp-content\/uploads\/2024\/08\/1000366240-1024x768.jpg 1024w, https:\/\/encuentroinformativo.com.mx\/wp-content\/uploads\/2024\/08\/1000366240-300x225.jpg 300w, https:\/\/encuentroinformativo.com.mx\/wp-content\/uploads\/2024\/08\/1000366240-768x576.jpg 768w, https:\/\/encuentroinformativo.com.mx\/wp-content\/uploads\/2024\/08\/1000366240-1536x1152.jpg 1536w, https:\/\/encuentroinformativo.com.mx\/wp-content\/uploads\/2024\/08\/1000366240.jpg 1600w\" sizes=\"auto, (max-width: 1024px) 100vw, 1024px\" \/><\/figure>\n","protected":false},"excerpt":{"rendered":"<p>Dar\u00edo Pale Xalapa, Ver.- Con lonas, inician protestas en instalaciones del Poder Judicial de la Federaci\u00f3n ubicadas en Xalapa, de esta forma se unen a la protesta que realizan sus compa\u00f1eros en la Ciudad de M\u00e9xico, por el rechazo a la reforma al poder judicial. Las expresiones de rechazo fueron colgadas en los edificios ubicados [&hellip;]<\/p>\n","protected":false},"author":2476,"featured_media":57760,"comment_status":"open","ping_status":"open","sticky":false,"template":"","format":"standard","meta":{"_jetpack_memberships_contains_paid_content":false,"footnotes":""},"categories":[3],"tags":[],"class_list":["post-57759","post","type-post","status-publish","format-standard","has-post-thumbnail","hentry","category-xalapa"],"jetpack_featured_media_url":"https:\/\/encuentroinformativo.com.mx\/wp-content\/uploads\/2024\/08\/IMG-20240819-WA0095.jpg","jetpack_sharing_enabled":true,"jetpack_likes_enabled":true,"amp_enabled":true,"_links":{"self":[{"href":"https:\/\/encuentroinformativo.com.mx\/index.php?rest_route=\/wp\/v2\/posts\/57759","targetHints":{"allow":["GET"]}}],"collection":[{"href":"https:\/\/encuentroinformativo.com.mx\/index.php?rest_route=\/wp\/v2\/posts"}],"about":[{"href":"https:\/\/encuentroinformativo.com.mx\/index.php?rest_route=\/wp\/v2\/types\/post"}],"author":[{"embeddable":true,"href":"https:\/\/encuentroinformativo.com.mx\/index.php?rest_route=\/wp\/v2\/users\/2476"}],"replies":[{"embeddable":true,"href":"https:\/\/encuentroinformativo.com.mx\/index.php?rest_route=%2Fwp%2Fv2%2Fcomments&post=57759"}],"version-history":[{"count":1,"href":"https:\/\/encuentroinformativo.com.mx\/index.php?rest_route=\/wp\/v2\/posts\/57759\/revisions"}],"predecessor-version":[{"id":57762,"href":"https:\/\/encuentroinformativo.com.mx\/index.php?rest_route=\/wp\/v2\/posts\/57759\/revisions\/57762"}],"wp:featuredmedia":[{"embeddable":true,"href":"https:\/\/encuentroinformativo.com.mx\/index.php?rest_route=\/wp\/v2\/media\/57760"}],"wp:attachment":[{"href":"https:\/\/encuentroinformativo.com.mx\/index.php?rest_route=%2Fwp%2Fv2%2Fmedia&parent=57759"}],"wp:term":[{"taxonomy":"category","embeddable":true,"href":"https:\/\/encuentroinformativo.com.mx\/index.php?rest_route=%2Fwp%2Fv2%2Fcategories&post=57759"},{"taxonomy":"post_tag","embeddable":true,"href":"https:\/\/encuentroinformativo.com.mx\/index.php?rest_route=%2Fwp%2Fv2%2Ftags&post=57759"}],"curies":[{"name":"wp","href":"https:\/\/api.w.org\/{rel}","templated":true}]}}