{"id":57766,"date":"2024-08-20T09:23:44","date_gmt":"2024-08-20T15:23:44","guid":{"rendered":"https:\/\/encuentroinformativo.com.mx\/?p=57766"},"modified":"2024-08-20T09:23:50","modified_gmt":"2024-08-20T15:23:50","slug":"domingo-eran-tres","status":"publish","type":"post","link":"https:\/\/encuentroinformativo.com.mx\/?p=57766","title":{"rendered":"DOMINGO\u2026 ERAN TRES"},"content":{"rendered":"\n<p><strong>Los Pol\u00edticos<\/strong><\/p>\n\n\n\n<p><strong>Salvador Mu\u00f1oz<\/strong><\/p>\n\n\n\n<p>Eran tres, eran tres, eran tres\u2026 parafraseando a Alberto Cortez quien en las letras de esa canci\u00f3n poema nos recordaba a los tres grandes Pablos que hemos tenido:<\/p>\n\n\n\n<p>Pablo Picasso, Pablo Neruda y Pablo Casals\u2026<\/p>\n\n\n\n<p>Pero los tres a los que me refiero son los Domingos\u2026 y como los Pablo de Cortez, los tres Domingos son diferentes, muy diferentes\u2026<\/p>\n\n\n\n<p>Recuerdo a Domingo Alberto Mart\u00ednez Res\u00e9ndiz como dirigente del PRD veracruzano en una entrevista en las oficinas del peri\u00f3dico Pol\u00edtica.<\/p>\n\n\n\n<p>Luego, estuvo al frente de algo que se llam\u00f3 Centro de Transici\u00f3n Democr\u00e1tica (Cetrade). Me acuerdo muy bien del Acr\u00f3nimo, pero dudo un poco de su significado\u2026<\/p>\n\n\n\n<p>La sorpresa fue verlo en la direcci\u00f3n de Organismos y Partidos Pol\u00edticos del Gobierno del Estado cuando mandaba el PRI\u2026 \u00bfqu\u00e9 hac\u00eda un perredista entre los lobos? A lo mejor era parte de esa transici\u00f3n democr\u00e1tica de la que hablaba Domingo.<\/p>\n\n\n\n<p>La \u00faltima vez que nos vimos, fue en un desayuno donde celebramos algo, creo que cumplea\u00f1os de Arturo Reyes Isidoro y m\u00edo, organizado por Martha Mara\u00f1\u00f3n.<\/p>\n\n\n\n<p>El otro Domingo es el Abuelito de Juan Javier G\u00f3mez Cazar\u00edn.<\/p>\n\n\n\n<p>A Bahena Corbal\u00e1 lo conoc\u00ed como diputado en el Congreso local\u2026 aparte, era el secretario general del PAN veracruzano.<\/p>\n\n\n\n<p>La sorpresa con este Domingo ocurr\u00ed\u00f3 en el 2016 cuando tras escribir una carta a Ricardo Anaya donde expon\u00eda su desacuerdo por la candidatura a Gobernador de Miguel \u00c1ngel Yunes Linares, renunci\u00f3 al PAN.<\/p>\n\n\n\n<p>Por supuesto! Fueron dos a\u00f1os complicados para Domingo\u2026 pero qu\u00e9 tal estos \u00faltimos seis a\u00f1os? No s\u00f3lo el hombre m\u00e1s poderoso del Congreso local, sino el Marcelo del Tin Tan Cazar\u00edn o el Luigi del Mario Car\u00f3n Bros\u2026<\/p>\n\n\n\n<p>El otro Domingo es el \u201cPapanterco\u201d del Juventus, si no me traiciona la memoria: Yorio Saqui.<\/p>\n\n\n\n<p>De Domingo me llegaron a contar su f\u00e9rrea defensa en sus a\u00f1os juveniles representando a Xalapa en la selecci\u00f3n de futbol.<\/p>\n\n\n\n<p>La cantidad de an\u00e9cdotas de la vida pol\u00edtica que tuvo, como ese desencuentro musical con Dante Delgado, cuando el entonces Gobernador quer\u00eda escuchar a Jos\u00e9 Jos\u00e9 y Domingo quer\u00eda escuchar salsa y contra todo pron\u00f3stico, se escuch\u00f3 salsa con la salida indignada de Dante y Teresa de la fiesta.<\/p>\n\n\n\n<p>O el baj\u00f3n que recibi\u00f3 como suplente de Senador cuando se podr\u00eda decir que fue el pionero en sufrir los primeros embates de la paridad. Su lugar fue ocupado por Noem\u00ed Lagunes\u2026 o Silvia Dom\u00ednguez\u2026 ya me falla la memoria\u2026<\/p>\n\n\n\n<p>La \u00faltima noticia que supe de Domingo Yorio es que apenas este fin de semana (por fin) renunciaba a las filas del PRI, tras f\u00e1cil, unos 50 a\u00f1os de vida militante. Es evidente las razones que lo llevan a tomar la decisi\u00f3n: la farsa que mont\u00f3 Alito Moreno para reelegirse.<\/p>\n\n\n\n<p>Aunque sinceramente creo que se tard\u00f3. He sido de la idea de que ese colmillo largo y retorcido que trae Domingo Yorio, debi\u00f3 ser aprovechado m\u00e1s y mejor por el PRI pero no lo fue.<\/p>\n\n\n\n<p>No s\u00e9 qu\u00e9 vaya a hacer ahora Domingo\u2026 bueno, s\u00ed s\u00e9\u2026 es necesaria y urgente unas enfrijoladas de ese rinc\u00f3n de Araucarias para que me cuente bien a bien, lo que tiene pensado hacer\u2026<\/p>\n\n\n\n<p>Eran tres\u2026 eran tres\u2026 eran tres\u2026 \u00bfHa escuchado ese pedazo de canci\u00f3n? Si no lo ha hecho, b\u00fasquela ya, en este momento\u2026<\/p>\n","protected":false},"excerpt":{"rendered":"<p>Los Pol\u00edticos Salvador Mu\u00f1oz Eran tres, eran tres, eran tres\u2026 parafraseando a Alberto Cortez quien en las letras de esa canci\u00f3n poema nos recordaba a los tres grandes Pablos que hemos tenido: Pablo Picasso, Pablo Neruda y Pablo Casals\u2026 Pero los tres a los que me refiero son los Domingos\u2026 y como los Pablo de [&hellip;]<\/p>\n","protected":false},"author":2476,"featured_media":387,"comment_status":"open","ping_status":"open","sticky":false,"template":"","format":"standard","meta":{"_jetpack_memberships_contains_paid_content":false,"footnotes":""},"categories":[11],"tags":[],"class_list":["post-57766","post","type-post","status-publish","format-standard","has-post-thumbnail","hentry","category-opinion"],"jetpack_featured_media_url":"https:\/\/encuentroinformativo.com.mx\/wp-content\/uploads\/2020\/03\/7CF8A22B-2764-47BE-8F7F-38FE9E5D6A2F.jpeg","jetpack_sharing_enabled":true,"jetpack_likes_enabled":true,"amp_enabled":true,"_links":{"self":[{"href":"https:\/\/encuentroinformativo.com.mx\/index.php?rest_route=\/wp\/v2\/posts\/57766","targetHints":{"allow":["GET"]}}],"collection":[{"href":"https:\/\/encuentroinformativo.com.mx\/index.php?rest_route=\/wp\/v2\/posts"}],"about":[{"href":"https:\/\/encuentroinformativo.com.mx\/index.php?rest_route=\/wp\/v2\/types\/post"}],"author":[{"embeddable":true,"href":"https:\/\/encuentroinformativo.com.mx\/index.php?rest_route=\/wp\/v2\/users\/2476"}],"replies":[{"embeddable":true,"href":"https:\/\/encuentroinformativo.com.mx\/index.php?rest_route=%2Fwp%2Fv2%2Fcomments&post=57766"}],"version-history":[{"count":1,"href":"https:\/\/encuentroinformativo.com.mx\/index.php?rest_route=\/wp\/v2\/posts\/57766\/revisions"}],"predecessor-version":[{"id":57767,"href":"https:\/\/encuentroinformativo.com.mx\/index.php?rest_route=\/wp\/v2\/posts\/57766\/revisions\/57767"}],"wp:featuredmedia":[{"embeddable":true,"href":"https:\/\/encuentroinformativo.com.mx\/index.php?rest_route=\/wp\/v2\/media\/387"}],"wp:attachment":[{"href":"https:\/\/encuentroinformativo.com.mx\/index.php?rest_route=%2Fwp%2Fv2%2Fmedia&parent=57766"}],"wp:term":[{"taxonomy":"category","embeddable":true,"href":"https:\/\/encuentroinformativo.com.mx\/index.php?rest_route=%2Fwp%2Fv2%2Fcategories&post=57766"},{"taxonomy":"post_tag","embeddable":true,"href":"https:\/\/encuentroinformativo.com.mx\/index.php?rest_route=%2Fwp%2Fv2%2Ftags&post=57766"}],"curies":[{"name":"wp","href":"https:\/\/api.w.org\/{rel}","templated":true}]}}