{"id":57768,"date":"2024-08-20T10:45:22","date_gmt":"2024-08-20T16:45:22","guid":{"rendered":"https:\/\/encuentroinformativo.com.mx\/?p=57768"},"modified":"2024-08-20T10:45:30","modified_gmt":"2024-08-20T16:45:30","slug":"el-reggae-venezolano-de-rawayana-llega-por-primera-vez-a-veracruz","status":"publish","type":"post","link":"https:\/\/encuentroinformativo.com.mx\/?p=57768","title":{"rendered":"El reggae venezolano de Rawayana llega por primera vez a Veracruz"},"content":{"rendered":"\n<p><strong>Alejandro \u00c1vila<\/strong><\/p>\n\n\n\n<p>Veracruz, Ver.- La banda venezolana de reggae y ska, Rawayana, se presentar\u00e1 por primera ocasi\u00f3n en Veracruz con su tour \u00bfQui\u00e9n trae las Cornetas?.<\/p>\n\n\n\n<p>El pr\u00f3ximo 21 de septiembre en la Arena Veracruz ubicada sobre la calle Alaminos del municipio de Boca del R\u00edo, en punto de las 20 horas se presentar\u00e1 la agrupaci\u00f3n que salt\u00f3 a la fama en el 2010 tras su participaci\u00f3n en el Festival Nuevas Bandas en Venezuela.<\/p>\n\n\n\n<p>Con 5 producciones discogr\u00e1ficas, entre las que destaca su \u00e1lbum debut &#8220;Licencia para ser Libre&#8221;, donde r\u00e1pidamente se posicionaron en el gusto del p\u00fablico con los temas &#8220;Fuego Azul&#8221; y &#8220;Algo Distinto&#8221;; sus fan\u00e1ticos veracruzanos podr\u00e1n disfrutar tambi\u00e9n de &#8220;High&#8221;, &#8220;Binikini&#8221;, &#8220;Hora Loca&#8221;, &#8220;Funky Fiesta&#8221;, &#8220;Vengase I&#8221;, &#8220;Vocabulario B\u00e1sico&#8221;, entre otras.<\/p>\n\n\n\n<p>Los interesados en adquirir entradas para este concierto podr\u00e1n hacerlo en la plataforma de la empresa Arema; el punto de venta en f\u00edsico es el Morgan Tapori Bar en Plaza Andamar, con 3 y 6 Meses sin Intereses (Por tiempo limitado). Este evento es realizado por RECA Producciones y Mas Conciertos MX.<\/p>\n","protected":false},"excerpt":{"rendered":"<p>Alejandro \u00c1vila Veracruz, Ver.- La banda venezolana de reggae y ska, Rawayana, se presentar\u00e1 por primera ocasi\u00f3n en Veracruz con su tour \u00bfQui\u00e9n trae las Cornetas?. El pr\u00f3ximo 21 de septiembre en la Arena Veracruz ubicada sobre la calle Alaminos del municipio de Boca del R\u00edo, en punto de las 20 horas se presentar\u00e1 la [&hellip;]<\/p>\n","protected":false},"author":2476,"featured_media":57770,"comment_status":"open","ping_status":"open","sticky":false,"template":"","format":"standard","meta":{"_jetpack_memberships_contains_paid_content":false,"footnotes":""},"categories":[2],"tags":[],"class_list":["post-57768","post","type-post","status-publish","format-standard","has-post-thumbnail","hentry","category-estado"],"jetpack_featured_media_url":"https:\/\/encuentroinformativo.com.mx\/wp-content\/uploads\/2024\/08\/IMG-20240820-WA0003.jpg","jetpack_sharing_enabled":true,"jetpack_likes_enabled":true,"amp_enabled":true,"_links":{"self":[{"href":"https:\/\/encuentroinformativo.com.mx\/index.php?rest_route=\/wp\/v2\/posts\/57768","targetHints":{"allow":["GET"]}}],"collection":[{"href":"https:\/\/encuentroinformativo.com.mx\/index.php?rest_route=\/wp\/v2\/posts"}],"about":[{"href":"https:\/\/encuentroinformativo.com.mx\/index.php?rest_route=\/wp\/v2\/types\/post"}],"author":[{"embeddable":true,"href":"https:\/\/encuentroinformativo.com.mx\/index.php?rest_route=\/wp\/v2\/users\/2476"}],"replies":[{"embeddable":true,"href":"https:\/\/encuentroinformativo.com.mx\/index.php?rest_route=%2Fwp%2Fv2%2Fcomments&post=57768"}],"version-history":[{"count":1,"href":"https:\/\/encuentroinformativo.com.mx\/index.php?rest_route=\/wp\/v2\/posts\/57768\/revisions"}],"predecessor-version":[{"id":57771,"href":"https:\/\/encuentroinformativo.com.mx\/index.php?rest_route=\/wp\/v2\/posts\/57768\/revisions\/57771"}],"wp:featuredmedia":[{"embeddable":true,"href":"https:\/\/encuentroinformativo.com.mx\/index.php?rest_route=\/wp\/v2\/media\/57770"}],"wp:attachment":[{"href":"https:\/\/encuentroinformativo.com.mx\/index.php?rest_route=%2Fwp%2Fv2%2Fmedia&parent=57768"}],"wp:term":[{"taxonomy":"category","embeddable":true,"href":"https:\/\/encuentroinformativo.com.mx\/index.php?rest_route=%2Fwp%2Fv2%2Fcategories&post=57768"},{"taxonomy":"post_tag","embeddable":true,"href":"https:\/\/encuentroinformativo.com.mx\/index.php?rest_route=%2Fwp%2Fv2%2Ftags&post=57768"}],"curies":[{"name":"wp","href":"https:\/\/api.w.org\/{rel}","templated":true}]}}