{"id":57772,"date":"2024-08-20T10:49:43","date_gmt":"2024-08-20T16:49:43","guid":{"rendered":"https:\/\/encuentroinformativo.com.mx\/?p=57772"},"modified":"2024-08-20T10:49:49","modified_gmt":"2024-08-20T16:49:49","slug":"con-prodecon-veracruzanos-regresan-a-regimen-simplificado-de-confianza","status":"publish","type":"post","link":"https:\/\/encuentroinformativo.com.mx\/?p=57772","title":{"rendered":"Con PRODECON veracruzanos regresan a R\u00e9gimen Simplificado de Confianza"},"content":{"rendered":"\n<p><strong>Alejandro \u00c1vila<\/strong><\/p>\n\n\n\n<p>Veracruz, Ver.- La delegaci\u00f3n Veracruz de la Procuradur\u00eda de la Defensa del Contribuyente (PRODECON) ha logrado que m\u00e1s de 150 veracruzanos regresen al R\u00e9gimen Simplificado de Confianza, mencion\u00f3 su encargado de la entidad, H\u00e9ctor Hugo Hern\u00e1ndez Espinoza.<\/p>\n\n\n\n<p>La PRODECON prestan cuatro servicios b\u00e1sicos; Asesor\u00eda, Quejas y Reclamaciones, Representaci\u00f3n y Defensa Legal y, Acuerdos Conclusivos.<\/p>\n\n\n\n<p>&#8220;Por cu\u00e1nto hace el servicio de quejas y reclamaciones pues se replica, porque muchos de los casos del servicio de Asesor\u00eda madura a un servicio de Quejas y Reclamaciones, es importante porque de esas 400 solicitudes de Representaci\u00f3n y Defensa Legal que hoy tenemos, 169 corresponden al cambio de R\u00e9gimen, del R\u00e9gimen Simplificado de Confianza. Es decir, contribuyentes que estando en este r\u00e9gimen la autoridad actualiz\u00f3 sus obligaciones y los migraron un r\u00e9gimen un poco mayor, que es el R\u00e9gimen de Actividad Empresarial, hoy en d\u00eda estos asuntos son ventilados en el Tribunal Federal de Justicia Administrativa y, exitosamente hemos tenido asuntos en donde se ordena a la autoridad que se devuelvan contribuyente al r\u00e9gimen Simplificado de Confianza&#8221;, expres\u00f3.<\/p>\n\n\n\n<p>H\u00e9ctor Hern\u00e1ndez mencion\u00f3 que en lo que va del 2024 han brindado 3 624 servicios Asesor\u00eda, los cuales tuvieron un pico en el mes de abril, donde se atendieron a 1 461 personas con respecto a la presentaci\u00f3n de la declaraci\u00f3n anual de personas f\u00edsicas.<\/p>\n\n\n\n<p>De igual manera, en el mes de mayo &#8211; junio, dentro de la etapa para presentar la devoluci\u00f3n, se atendieron 463 asuntos y, adicionalmente, con motivo de la Reforma Fiscal de hace unos a\u00f1os, donde se implement\u00f3 un nuevo r\u00e9gimen, que es el r\u00e9gimen Simplificado de Confianza, 359 contribuyentes acudieron con una tem\u00e1tica relacionada con ese servicio.<\/p>\n","protected":false},"excerpt":{"rendered":"<p>Alejandro \u00c1vila Veracruz, Ver.- La delegaci\u00f3n Veracruz de la Procuradur\u00eda de la Defensa del Contribuyente (PRODECON) ha logrado que m\u00e1s de 150 veracruzanos regresen al R\u00e9gimen Simplificado de Confianza, mencion\u00f3 su encargado de la entidad, H\u00e9ctor Hugo Hern\u00e1ndez Espinoza. La PRODECON prestan cuatro servicios b\u00e1sicos; Asesor\u00eda, Quejas y Reclamaciones, Representaci\u00f3n y Defensa Legal y, Acuerdos [&hellip;]<\/p>\n","protected":false},"author":2476,"featured_media":57773,"comment_status":"open","ping_status":"open","sticky":false,"template":"","format":"standard","meta":{"_jetpack_memberships_contains_paid_content":false,"footnotes":""},"categories":[2],"tags":[],"class_list":["post-57772","post","type-post","status-publish","format-standard","has-post-thumbnail","hentry","category-estado"],"jetpack_featured_media_url":"https:\/\/encuentroinformativo.com.mx\/wp-content\/uploads\/2024\/08\/IMG-20240820-WA00042.jpg","jetpack_sharing_enabled":true,"jetpack_likes_enabled":true,"amp_enabled":true,"_links":{"self":[{"href":"https:\/\/encuentroinformativo.com.mx\/index.php?rest_route=\/wp\/v2\/posts\/57772","targetHints":{"allow":["GET"]}}],"collection":[{"href":"https:\/\/encuentroinformativo.com.mx\/index.php?rest_route=\/wp\/v2\/posts"}],"about":[{"href":"https:\/\/encuentroinformativo.com.mx\/index.php?rest_route=\/wp\/v2\/types\/post"}],"author":[{"embeddable":true,"href":"https:\/\/encuentroinformativo.com.mx\/index.php?rest_route=\/wp\/v2\/users\/2476"}],"replies":[{"embeddable":true,"href":"https:\/\/encuentroinformativo.com.mx\/index.php?rest_route=%2Fwp%2Fv2%2Fcomments&post=57772"}],"version-history":[{"count":1,"href":"https:\/\/encuentroinformativo.com.mx\/index.php?rest_route=\/wp\/v2\/posts\/57772\/revisions"}],"predecessor-version":[{"id":57774,"href":"https:\/\/encuentroinformativo.com.mx\/index.php?rest_route=\/wp\/v2\/posts\/57772\/revisions\/57774"}],"wp:featuredmedia":[{"embeddable":true,"href":"https:\/\/encuentroinformativo.com.mx\/index.php?rest_route=\/wp\/v2\/media\/57773"}],"wp:attachment":[{"href":"https:\/\/encuentroinformativo.com.mx\/index.php?rest_route=%2Fwp%2Fv2%2Fmedia&parent=57772"}],"wp:term":[{"taxonomy":"category","embeddable":true,"href":"https:\/\/encuentroinformativo.com.mx\/index.php?rest_route=%2Fwp%2Fv2%2Fcategories&post=57772"},{"taxonomy":"post_tag","embeddable":true,"href":"https:\/\/encuentroinformativo.com.mx\/index.php?rest_route=%2Fwp%2Fv2%2Ftags&post=57772"}],"curies":[{"name":"wp","href":"https:\/\/api.w.org\/{rel}","templated":true}]}}