{"id":5779,"date":"2020-09-11T19:10:15","date_gmt":"2020-09-12T00:10:15","guid":{"rendered":"https:\/\/encuentroinformativo.com.mx\/?p=5779"},"modified":"2020-09-11T19:10:18","modified_gmt":"2020-09-12T00:10:18","slug":"tribunal-sin-indicacion-para-reinstalar-a-magistrados-sofia-martinez","status":"publish","type":"post","link":"https:\/\/encuentroinformativo.com.mx\/?p=5779","title":{"rendered":"Tribunal sin \u201cindicaci\u00f3n\u201d para reinstalar a magistrados: Sof\u00eda Mart\u00ednez"},"content":{"rendered":"\n<p><strong>Dar\u00edo Pale <\/strong><\/p>\n\n\n\n<p>Xalapa, Ver.- La magistrada presidenta del Tribunal Superior de Justicia, Sof\u00eda Mart\u00ednez Huerta, dio a conocer que hasta el momento siete jueces se han contagiado de covid-19,<\/p>\n\n\n\n<p>Entrevistada en el parque Ju\u00e1rez dio a conocer que, en torno a los amparos promovidos por los magistrados salientes y la determinaci\u00f3n de un juez para reinstalar al magistrado Marco Antonio Lezama Moo, se\u00f1al\u00f3 que no tienen \u201cindicaci\u00f3n\u201d para hacerlo.<\/p>\n\n\n\n<p>\u201cLas decisiones que tengan la autoridad federal se tendr\u00e1n que acatar en su momento para una parte o para la otra, yo no tengo m\u00e1s que manifestar porque todo se est\u00e1 ventilando en las instancias correspondientes\u201d.<\/p>\n\n\n\n<p>En cuanto a la reactivaci\u00f3n de las actividades dio a conocer que la pr\u00f3xima semana los m\u00e1s de 3 mil trabajadores en todo el estado regresen a laborar de manera presencial.<\/p>\n\n\n\n<p>Nego que la justicia se haya detenido, como lo han se\u00f1alado abogados que se han quejado por los atrasos en los proceso judiciales a su cargo.<\/p>\n\n\n\n<p>\u201cHemos estado trabajando con escaso personal, con guardias para que exista la protecci\u00f3n que exigen los protocolos de sanidad\u201d, finaliz\u00f3.<\/p>\n","protected":false},"excerpt":{"rendered":"<p>Dar\u00edo Pale Xalapa, Ver.- La magistrada presidenta del Tribunal Superior de Justicia, Sof\u00eda Mart\u00ednez Huerta, dio a conocer que hasta el momento siete jueces se han contagiado de covid-19, Entrevistada en el parque Ju\u00e1rez dio a conocer que, en torno a los amparos promovidos por los magistrados salientes y la determinaci\u00f3n de un juez para [&hellip;]<\/p>\n","protected":false},"author":1,"featured_media":5780,"comment_status":"open","ping_status":"open","sticky":false,"template":"","format":"aside","meta":{"_jetpack_memberships_contains_paid_content":false,"footnotes":""},"categories":[2],"tags":[],"class_list":["post-5779","post","type-post","status-publish","format-aside","has-post-thumbnail","hentry","category-estado","post_format-post-format-aside"],"jetpack_featured_media_url":"https:\/\/encuentroinformativo.com.mx\/wp-content\/uploads\/2020\/09\/B7A8038C-1CF3-415D-AB13-46E7B20C883C.jpeg","jetpack_sharing_enabled":true,"jetpack_likes_enabled":true,"amp_enabled":true,"_links":{"self":[{"href":"https:\/\/encuentroinformativo.com.mx\/index.php?rest_route=\/wp\/v2\/posts\/5779","targetHints":{"allow":["GET"]}}],"collection":[{"href":"https:\/\/encuentroinformativo.com.mx\/index.php?rest_route=\/wp\/v2\/posts"}],"about":[{"href":"https:\/\/encuentroinformativo.com.mx\/index.php?rest_route=\/wp\/v2\/types\/post"}],"author":[{"embeddable":true,"href":"https:\/\/encuentroinformativo.com.mx\/index.php?rest_route=\/wp\/v2\/users\/1"}],"replies":[{"embeddable":true,"href":"https:\/\/encuentroinformativo.com.mx\/index.php?rest_route=%2Fwp%2Fv2%2Fcomments&post=5779"}],"version-history":[{"count":1,"href":"https:\/\/encuentroinformativo.com.mx\/index.php?rest_route=\/wp\/v2\/posts\/5779\/revisions"}],"predecessor-version":[{"id":5781,"href":"https:\/\/encuentroinformativo.com.mx\/index.php?rest_route=\/wp\/v2\/posts\/5779\/revisions\/5781"}],"wp:featuredmedia":[{"embeddable":true,"href":"https:\/\/encuentroinformativo.com.mx\/index.php?rest_route=\/wp\/v2\/media\/5780"}],"wp:attachment":[{"href":"https:\/\/encuentroinformativo.com.mx\/index.php?rest_route=%2Fwp%2Fv2%2Fmedia&parent=5779"}],"wp:term":[{"taxonomy":"category","embeddable":true,"href":"https:\/\/encuentroinformativo.com.mx\/index.php?rest_route=%2Fwp%2Fv2%2Fcategories&post=5779"},{"taxonomy":"post_tag","embeddable":true,"href":"https:\/\/encuentroinformativo.com.mx\/index.php?rest_route=%2Fwp%2Fv2%2Ftags&post=5779"}],"curies":[{"name":"wp","href":"https:\/\/api.w.org\/{rel}","templated":true}]}}