{"id":57795,"date":"2024-08-20T14:15:59","date_gmt":"2024-08-20T20:15:59","guid":{"rendered":"https:\/\/encuentroinformativo.com.mx\/?p=57795"},"modified":"2024-08-20T14:16:05","modified_gmt":"2024-08-20T20:16:05","slug":"respalda-frente-civico-paro-nacional-en-el-poder-judicial","status":"publish","type":"post","link":"https:\/\/encuentroinformativo.com.mx\/?p=57795","title":{"rendered":"Respalda Frente C\u00edvico &#8220;paro nacional&#8221; en el Poder Judicial"},"content":{"rendered":"\n<p><strong>Dar\u00edo Pale <\/strong><\/p>\n\n\n\n<p>Xalapa, Ver.- Integrantes del Frente C\u00edvico Nacional cap\u00edtulo Veracruz dieron a conocer que se solidarizan y apoyan el Paro Nacional Indefinido que realizan los trabajadores del Poder Judicial que iniciaron desde el d\u00eda de ayer.<\/p>\n\n\n\n<p>En conferencia de prensa se\u00f1alaron que, en respuesta a la iniciativa de reforma a la Constituci\u00f3n que el ejecutivo federal envi\u00f3 al legislativo para su discusi\u00f3n y en su caso aprobaci\u00f3n denominada &#8220;El Plan C&#8221;, que incluye entre otras reformas las del poder judicial la cual seg\u00fan pretende acabar con la divisi\u00f3n de poderes, pero afecta sus derechos laborales ya que elimina la carrera judicial para acceder a los cargos de juzgadores.<\/p>\n\n\n\n<p>Por lo anterior se suman a las movilizaciones que sean necesarias para evitar que estas reformas sean aprobadas por el servil Poder Legislativo, por lo que convocan a todas las organizaciones de la Sociedad Civil a un encuentro estatal ciudadano para el pr\u00f3ximo s\u00e1bado 7 de septiembre en un lugar por definir\u00e1n esta ciudad.<\/p>\n\n\n\n<p>&#8220;Consideramos que solo la presi\u00f3n social organizada evitar\u00e1 la instalaci\u00f3n de un r\u00e9gimen autoritario en el que todo el poder se concentre en una personas, l\u00edmite las libertades, y nos regrese 40 a\u00f1os de avance democr\u00e1tico&#8221;, comentaron.<\/p>\n\n\n\n<p>&#8220;Nos complace anunciar tambi\u00e9n que nuestro dirigente nacional Guadalupe Acosta Naranjo, se ha comprometido a asistir a este encuentro como parte del Programa Nacional de Consulta para definir la pertinencia de la conformaci\u00f3n de un Nuevo Partido Pol\u00edtico Nacional&#8221;, agregaron.<\/p>\n","protected":false},"excerpt":{"rendered":"<p>Dar\u00edo Pale Xalapa, Ver.- Integrantes del Frente C\u00edvico Nacional cap\u00edtulo Veracruz dieron a conocer que se solidarizan y apoyan el Paro Nacional Indefinido que realizan los trabajadores del Poder Judicial que iniciaron desde el d\u00eda de ayer. En conferencia de prensa se\u00f1alaron que, en respuesta a la iniciativa de reforma a la Constituci\u00f3n que el [&hellip;]<\/p>\n","protected":false},"author":2476,"featured_media":57796,"comment_status":"open","ping_status":"open","sticky":false,"template":"","format":"standard","meta":{"_jetpack_memberships_contains_paid_content":false,"footnotes":""},"categories":[3],"tags":[],"class_list":["post-57795","post","type-post","status-publish","format-standard","has-post-thumbnail","hentry","category-xalapa"],"jetpack_featured_media_url":"https:\/\/encuentroinformativo.com.mx\/wp-content\/uploads\/2024\/08\/IMG-20240820-WA0060.jpg","jetpack_sharing_enabled":true,"jetpack_likes_enabled":true,"amp_enabled":true,"_links":{"self":[{"href":"https:\/\/encuentroinformativo.com.mx\/index.php?rest_route=\/wp\/v2\/posts\/57795","targetHints":{"allow":["GET"]}}],"collection":[{"href":"https:\/\/encuentroinformativo.com.mx\/index.php?rest_route=\/wp\/v2\/posts"}],"about":[{"href":"https:\/\/encuentroinformativo.com.mx\/index.php?rest_route=\/wp\/v2\/types\/post"}],"author":[{"embeddable":true,"href":"https:\/\/encuentroinformativo.com.mx\/index.php?rest_route=\/wp\/v2\/users\/2476"}],"replies":[{"embeddable":true,"href":"https:\/\/encuentroinformativo.com.mx\/index.php?rest_route=%2Fwp%2Fv2%2Fcomments&post=57795"}],"version-history":[{"count":1,"href":"https:\/\/encuentroinformativo.com.mx\/index.php?rest_route=\/wp\/v2\/posts\/57795\/revisions"}],"predecessor-version":[{"id":57797,"href":"https:\/\/encuentroinformativo.com.mx\/index.php?rest_route=\/wp\/v2\/posts\/57795\/revisions\/57797"}],"wp:featuredmedia":[{"embeddable":true,"href":"https:\/\/encuentroinformativo.com.mx\/index.php?rest_route=\/wp\/v2\/media\/57796"}],"wp:attachment":[{"href":"https:\/\/encuentroinformativo.com.mx\/index.php?rest_route=%2Fwp%2Fv2%2Fmedia&parent=57795"}],"wp:term":[{"taxonomy":"category","embeddable":true,"href":"https:\/\/encuentroinformativo.com.mx\/index.php?rest_route=%2Fwp%2Fv2%2Fcategories&post=57795"},{"taxonomy":"post_tag","embeddable":true,"href":"https:\/\/encuentroinformativo.com.mx\/index.php?rest_route=%2Fwp%2Fv2%2Ftags&post=57795"}],"curies":[{"name":"wp","href":"https:\/\/api.w.org\/{rel}","templated":true}]}}