{"id":57801,"date":"2024-08-20T16:36:11","date_gmt":"2024-08-20T22:36:11","guid":{"rendered":"https:\/\/encuentroinformativo.com.mx\/?p=57801"},"modified":"2024-08-20T16:36:17","modified_gmt":"2024-08-20T22:36:17","slug":"artesanos-de-brasil-colombia-y-el-salvador-participaran-en-la-feria-del-globo-de-san-andres","status":"publish","type":"post","link":"https:\/\/encuentroinformativo.com.mx\/?p=57801","title":{"rendered":"Artesanos de Brasil, Colombia y El Salvador participar\u00e1n en la Feria del Globo de San Andr\u00e9s"},"content":{"rendered":"\n<p><strong>Alejandro \u00c1vila<\/strong><\/p>\n\n\n\n<p>Boca del R\u00edo, Ver.- Artesanos de Brasil, Colombia y El Salvador participar\u00e1n en la edici\u00f3n 2024 de la Feria del Globo en el municipio de San Andr\u00e9s Tuxtla, evento que se realizar\u00e1 del 14 al 16 de septiembre y que contar\u00e1 con 146 expositores locales.<\/p>\n\n\n\n<p>Para el evento que tendr\u00e1 una duraci\u00f3n de tres d\u00edas, el Ayuntamiento reparti\u00f3 800 mil pliegos de papel de china para la elaboraci\u00f3n de los globos, inform\u00f3 la alcaldesa de San Andr\u00e9s Tuxtla, Mar\u00eda Elena Solana Calzada.<\/p>\n\n\n\n<p>Se estima que para esta evento se congreguen 60 mil visitantes, lo que generar\u00e1 una ocupaci\u00f3n hotelera superior al 80 por ciento, y una derrama econ\u00f3mica aproximada de 20 millones de pesos.<\/p>\n\n\n\n<p>&#8220;Como cada a\u00f1o elaboramos este festival, ya somos referencia a nivel internacional, tenemos pa\u00edses, El Salvador, Colombia, Brasil, los cuales nos van a embellecer el cielo con sus lindos globos nocturnos, al igual que tenemos una referencia de 146 globeros artesanos de San Andr\u00e9s Tuxtla&#8221;, expres\u00f3.<\/p>\n\n\n\n<p>Adem\u00e1s de disfrutar de los globos, los cuales iluminar\u00e1n el cielo de la ciudad de San Andr\u00e9s Tuxtla, los locales y los visitantes podr\u00e1n disfrutar de presentaciones art\u00edsticas, como La Trakalosa de Monterrey, que ofrecer\u00e1 un concierto el 14 de setiembre, La Orquesta Guayac\u00e1n del Ayer (15 de septiembre) y El Pulpo y sus Teclados y Los Super Lamas (16 de septiembre).<\/p>\n","protected":false},"excerpt":{"rendered":"<p>Alejandro \u00c1vila Boca del R\u00edo, Ver.- Artesanos de Brasil, Colombia y El Salvador participar\u00e1n en la edici\u00f3n 2024 de la Feria del Globo en el municipio de San Andr\u00e9s Tuxtla, evento que se realizar\u00e1 del 14 al 16 de septiembre y que contar\u00e1 con 146 expositores locales. Para el evento que tendr\u00e1 una duraci\u00f3n de [&hellip;]<\/p>\n","protected":false},"author":2476,"featured_media":57802,"comment_status":"open","ping_status":"open","sticky":false,"template":"","format":"standard","meta":{"_jetpack_memberships_contains_paid_content":false,"footnotes":""},"categories":[2],"tags":[],"class_list":["post-57801","post","type-post","status-publish","format-standard","has-post-thumbnail","hentry","category-estado"],"jetpack_featured_media_url":"https:\/\/encuentroinformativo.com.mx\/wp-content\/uploads\/2024\/08\/IMG-20240820-WA00862-scaled.jpg","jetpack_sharing_enabled":true,"jetpack_likes_enabled":true,"amp_enabled":true,"_links":{"self":[{"href":"https:\/\/encuentroinformativo.com.mx\/index.php?rest_route=\/wp\/v2\/posts\/57801","targetHints":{"allow":["GET"]}}],"collection":[{"href":"https:\/\/encuentroinformativo.com.mx\/index.php?rest_route=\/wp\/v2\/posts"}],"about":[{"href":"https:\/\/encuentroinformativo.com.mx\/index.php?rest_route=\/wp\/v2\/types\/post"}],"author":[{"embeddable":true,"href":"https:\/\/encuentroinformativo.com.mx\/index.php?rest_route=\/wp\/v2\/users\/2476"}],"replies":[{"embeddable":true,"href":"https:\/\/encuentroinformativo.com.mx\/index.php?rest_route=%2Fwp%2Fv2%2Fcomments&post=57801"}],"version-history":[{"count":1,"href":"https:\/\/encuentroinformativo.com.mx\/index.php?rest_route=\/wp\/v2\/posts\/57801\/revisions"}],"predecessor-version":[{"id":57803,"href":"https:\/\/encuentroinformativo.com.mx\/index.php?rest_route=\/wp\/v2\/posts\/57801\/revisions\/57803"}],"wp:featuredmedia":[{"embeddable":true,"href":"https:\/\/encuentroinformativo.com.mx\/index.php?rest_route=\/wp\/v2\/media\/57802"}],"wp:attachment":[{"href":"https:\/\/encuentroinformativo.com.mx\/index.php?rest_route=%2Fwp%2Fv2%2Fmedia&parent=57801"}],"wp:term":[{"taxonomy":"category","embeddable":true,"href":"https:\/\/encuentroinformativo.com.mx\/index.php?rest_route=%2Fwp%2Fv2%2Fcategories&post=57801"},{"taxonomy":"post_tag","embeddable":true,"href":"https:\/\/encuentroinformativo.com.mx\/index.php?rest_route=%2Fwp%2Fv2%2Ftags&post=57801"}],"curies":[{"name":"wp","href":"https:\/\/api.w.org\/{rel}","templated":true}]}}