{"id":57807,"date":"2024-08-21T09:38:06","date_gmt":"2024-08-21T15:38:06","guid":{"rendered":"https:\/\/encuentroinformativo.com.mx\/?p=57807"},"modified":"2024-08-21T09:38:12","modified_gmt":"2024-08-21T15:38:12","slug":"chapulines","status":"publish","type":"post","link":"https:\/\/encuentroinformativo.com.mx\/?p=57807","title":{"rendered":"CHAPULINES"},"content":{"rendered":"\n<p><strong>Los Pol\u00edticos<\/strong><\/p>\n\n\n\n<p><strong>Salvador Mu\u00f1oz<\/strong><\/p>\n\n\n\n<p>Ahora que se renovar\u00e1n los Congresos federal y local de Veracruz, los partidos se han de enfrentar a un fen\u00f3meno com\u00fan que se da en los pol\u00edticos: el chapulineo\u2026<\/p>\n\n\n\n<p>Se reconoce al Chapul\u00edn en algunas variantes.<\/p>\n\n\n\n<p>Est\u00e1 el Chapul\u00edn que se la pasa brincando de partido en partido y va en funci\u00f3n de diversas circunstancias como el maltrato en su propia casa pol\u00edtica o la conveniencia pol\u00edtica para cambiar de camiseta.<\/p>\n\n\n\n<p>Est\u00e1 el Chapul\u00edn legislativo, que salta al partido en el poder sin necesidad de dejar sus colores, pero sus votos y acciones lo delatan\u2026<\/p>\n\n\n\n<p>Y est\u00e1 el Chapul\u00edn de Cargos\u2026 Apenas van entrando como Diputados y ya est\u00e1n pensando en la Presidencia Municipal\u2026 por citar un ejemplo.<\/p>\n\n\n\n<p>Aunque en estos momentos, el Chapul\u00edn Mayor se lo lleva Ricardo Ahued\u2026 ya sabemos el porqu\u00e9.<\/p>\n\n\n\n<p>Este \u00faltimo fen\u00f3meno pol\u00edtico es al que en primera instancia se han de enfrentar los partidos pol\u00edticos ahora que se renueven los congresos con sus diputados uninominales\u2026<\/p>\n\n\n\n<p>Bueno\u2026 en el PAN, en lo local, qui\u00e9n sabe si se aviente Indira Rosales a la contienda por la alcald\u00eda boque\u00f1a\u2026 y Maryjo Gamboa? Carta fuerte por el Puerto?&nbsp;<\/p>\n\n\n\n<p>El PRI, no tendr\u00e1 problemas salvo lo que digan los pluris y sinceramente, no creemos que se avienten a buscar una presidencia municipal.<\/p>\n\n\n\n<p>En el caso de Movimiento Ciudadano, sus pluris es seguro que busquen competir en el 2025 aunque se sabe que su brinco est\u00e1 pactado.<\/p>\n\n\n\n<p>En el caso de Morena habr\u00e1 que ver qui\u00e9nes alzan la mano para la contienda municipal porque sus n\u00fameros en la elecci\u00f3n pasada igual funcionan como aval para participar.<\/p>\n\n\n\n<p>Hay varios casos, por citar de golpe a Rafa Fararoni, Paul Mart\u00ednez Marie, Pep\u00edn Ruiz y por el lado federal, Rosa Mar\u00eda Hern\u00e1ndez Espejo\u2026<\/p>\n\n\n\n<p>En otras circunstancias, se podr\u00eda esgrimir el argumento de que \u201cfueron elegidos para ser diputados\u201d pero en estos tiempos de Cuarta Transformaci\u00f3n, parece que a nuestros electores el Chapulineo poco importa.<\/p>\n","protected":false},"excerpt":{"rendered":"<p>Los Pol\u00edticos Salvador Mu\u00f1oz Ahora que se renovar\u00e1n los Congresos federal y local de Veracruz, los partidos se han de enfrentar a un fen\u00f3meno com\u00fan que se da en los pol\u00edticos: el chapulineo\u2026 Se reconoce al Chapul\u00edn en algunas variantes. Est\u00e1 el Chapul\u00edn que se la pasa brincando de partido en partido y va en [&hellip;]<\/p>\n","protected":false},"author":2476,"featured_media":387,"comment_status":"open","ping_status":"open","sticky":false,"template":"","format":"standard","meta":{"_jetpack_memberships_contains_paid_content":false,"footnotes":""},"categories":[11],"tags":[],"class_list":["post-57807","post","type-post","status-publish","format-standard","has-post-thumbnail","hentry","category-opinion"],"jetpack_featured_media_url":"https:\/\/encuentroinformativo.com.mx\/wp-content\/uploads\/2020\/03\/7CF8A22B-2764-47BE-8F7F-38FE9E5D6A2F.jpeg","jetpack_sharing_enabled":true,"jetpack_likes_enabled":true,"amp_enabled":true,"_links":{"self":[{"href":"https:\/\/encuentroinformativo.com.mx\/index.php?rest_route=\/wp\/v2\/posts\/57807","targetHints":{"allow":["GET"]}}],"collection":[{"href":"https:\/\/encuentroinformativo.com.mx\/index.php?rest_route=\/wp\/v2\/posts"}],"about":[{"href":"https:\/\/encuentroinformativo.com.mx\/index.php?rest_route=\/wp\/v2\/types\/post"}],"author":[{"embeddable":true,"href":"https:\/\/encuentroinformativo.com.mx\/index.php?rest_route=\/wp\/v2\/users\/2476"}],"replies":[{"embeddable":true,"href":"https:\/\/encuentroinformativo.com.mx\/index.php?rest_route=%2Fwp%2Fv2%2Fcomments&post=57807"}],"version-history":[{"count":1,"href":"https:\/\/encuentroinformativo.com.mx\/index.php?rest_route=\/wp\/v2\/posts\/57807\/revisions"}],"predecessor-version":[{"id":57808,"href":"https:\/\/encuentroinformativo.com.mx\/index.php?rest_route=\/wp\/v2\/posts\/57807\/revisions\/57808"}],"wp:featuredmedia":[{"embeddable":true,"href":"https:\/\/encuentroinformativo.com.mx\/index.php?rest_route=\/wp\/v2\/media\/387"}],"wp:attachment":[{"href":"https:\/\/encuentroinformativo.com.mx\/index.php?rest_route=%2Fwp%2Fv2%2Fmedia&parent=57807"}],"wp:term":[{"taxonomy":"category","embeddable":true,"href":"https:\/\/encuentroinformativo.com.mx\/index.php?rest_route=%2Fwp%2Fv2%2Fcategories&post=57807"},{"taxonomy":"post_tag","embeddable":true,"href":"https:\/\/encuentroinformativo.com.mx\/index.php?rest_route=%2Fwp%2Fv2%2Ftags&post=57807"}],"curies":[{"name":"wp","href":"https:\/\/api.w.org\/{rel}","templated":true}]}}