{"id":57813,"date":"2024-08-21T09:49:14","date_gmt":"2024-08-21T15:49:14","guid":{"rendered":"https:\/\/encuentroinformativo.com.mx\/?p=57813"},"modified":"2024-08-21T09:49:20","modified_gmt":"2024-08-21T15:49:20","slug":"realizan-paro-de-labores-en-poder-judicial","status":"publish","type":"post","link":"https:\/\/encuentroinformativo.com.mx\/?p=57813","title":{"rendered":"Realizan &#8220;paro de labores&#8221; en Poder Judicial"},"content":{"rendered":"\n<p><strong>Dar\u00edo Pale <\/strong><\/p>\n\n\n\n<p>Xalapa, Ver.- La magistrada Celina Avante del Segundo Tribunal Colegiado Auxiliar de Xalapa dio a conocer que, debido a que no existe otra alternativa para reivindicar el estado de derecho y la divisi\u00f3n de poderes hoy iniciaron formalmente la suspensi\u00f3n de labores en las oficinas del Poder Judicial de la Federaci\u00f3n en Xalapa.<\/p>\n\n\n\n<p>En entrevista se\u00f1al\u00f3 que la divisi\u00f3n de poderes ha sido vulnerada M\u00e9xico est\u00e1 en peligro y la dictadura en ciernes empieza a presentar un alto peligro para la naci\u00f3n, coment\u00f3 que los Jueces federales siempre han sido conocidos por el respeto a los derechos humanos, hoy la sociedad nos llama a reivindicar la independencia de los jueces como garant\u00eda de una naci\u00f3n.<\/p>\n\n\n\n<p>&#8220;Hubo escritos que present\u00f3 la base trabajadora en cuanto a los tribunales laborales y obviamente se fue acordando la determinaci\u00f3n de d\u00edas inh\u00e1biles como consecuencia de que ellos por un leg\u00edtimo derecho est\u00e1n presentando este ejercicio de sus derechos laborales nosotros declaramos inh\u00e1biles esos d\u00edas por cuesti\u00f3n de fuerza mayor en el caso de los laborables&#8221;, se\u00f1al\u00f3.<\/p>\n\n\n\n<p>&#8220;Se esperan pr\u00f3ximamente oficios posiblemente de la base trabajadora de los otros \u00f3rganos jurisdiccionales y como ustedes saben la asociaci\u00f3n de Jueces y magistrados se ha pronunciado ya por una arrolladora mayor\u00eda en el sentido de que este paro es necesario&#8221;, agreg\u00f3.<\/p>\n\n\n\n<p>Dijo que nadie hubiera querido llegar hasta este momento sin embargo es mucho lo que est\u00e1 en juego M\u00e9xico est\u00e1 en peligro es momento de hacer un paro por tiempo indefinido ya que est\u00e1n llamando a un di\u00e1logo serio y verdadero ya que la reforma no puede permanecer como se encuentra porque los jueces no pueden ser elegidos en una kerm\u00e9s a trav\u00e9s de una t\u00f3mbola ni pueden ser elegidos porque su funci\u00f3n no es ser populares ni representar a nadie sino todo lo contrario ser independientes en un leg\u00edtimo ejercicio de los derechos que tienen que garantizar por parte de todos los ciudadanos.<\/p>\n\n\n\n<p>En tan buscando muchas formas para llegar al di\u00e1logo, se est\u00e1n haciendo conversatorios, foros verdaderos para llegar a consensos, est\u00e1n con hombres y mujeres de estado buscando la conciliaci\u00f3n buscando el di\u00e1logo buscando que haya una forma de evitar la destrucci\u00f3n del pa\u00eds.<\/p>\n\n\n\n<p>Est\u00e1n invitando a todos los que van a participar, diputados y senadores a todos los que los quieran escuchar y que se den cuenta del gran peligro que representa la Reforma que quieren instaurar esta afectaci\u00f3n permite cerrar los tribunales por un tiempo, pero evitar que se cierre la justicia par siempre.<\/p>\n\n\n\n<p>Coment\u00f3 que continuar\u00e1n trabajando con los asuntos urgentes ya que la responsabilidad que caracteriza el poder judicial federal no ha cambiado contin\u00faan trabajando con los asuntos de alta gravedad que requieren una respuesta inmediata por lo que tienen un cat\u00e1logo de todos los asuntos que requieren esta atenci\u00f3n para que se sigan trabajando de manera permanente.<\/p>\n\n\n\n<p>Dio a conocer que la gente que est\u00e1 participando en los paros algunos estar\u00e1n manifest\u00e1ndose afuera de los edificios otros estar\u00e1n incluso realizando pronunciamientos &#8220;tratando de hablar con la sociedad civil otros m\u00e1s en conversatorios en foros en di\u00e1logos participando en redes la idea es hacer un ejercicio conjunto para que se pueda conseguir lo que se busca es decir concientizar a los otros los poderes de la importancia del di\u00e1logo verdadero&#8221;.<\/p>\n\n\n\n<p>Por su parte el magistrado Jos\u00e9 Manuel de Alba de Alba &#8220;es muy importante ese poder que est\u00e1 siendo atracado, estamos ante la presencia de un golpe de estado, no puede haber una buena Reforma que inicie con la violaci\u00f3n de las garant\u00edas, no se puede cesar a los jueces y magistrados si dar garant\u00eda de audiencia&#8221;.<\/p>\n\n\n\n<p>Coment\u00f3 que acusan a todo el poder judicial de corrupto y si es as\u00ed lo tienen que demostrar ya que si lo demuestran lo corren y lo cesan pero actualmente no les tan haciendo ning\u00fan proceso y los est\u00e1n corriendo.<\/p>\n\n\n\n<p>&#8220;Como puede empezar bien una reforma constitucional violando los derechos humanos de los juzgadores&#8221;, se\u00f1al\u00f3.<\/p>\n\n\n\n<p>Dijo que esperan salvar este tema en la representaci\u00f3n de la c\u00e1mara y que no se queden con todos los votos, ya que en Venezuela y Nicaragua empezaron derrocando lo apoderes judiciales, en Bolivia as\u00ed iniciaron, se van a terminar las acciones de inconstitucionalidad, si le quitan el 75 por ciento a los partidos pol\u00edticos a los senadores y diputados reiter\u00f3 que no habr\u00e1 acciones de inconstitucionalidad.<\/p>\n\n\n\n<p>Por otra parte la Magistrada Marisol Barajas Cruz dijo que vienen momentos duros y dif\u00edciles a los que fueron obligados a llegar, ya que todos son miembros de la carrera judicial que est\u00e1n defendiendo y as\u00ed lo tienen que demostrar en cada una de las acciones que hagan.<\/p>\n\n\n\n<p>Deben de estar activos y de una forma u otra deben demostrar el apoyo y el coraje con el que est\u00e1n defendiendo sus convicciones y sus principios con el que se han conducido en toda su carrera judicial, deben defender con el coraz\u00f3n a la instituci\u00f3n y a la carrera judicial.<\/p>\n\n\n\n<p>Finalmente se\u00f1al\u00f3 que necesitan el apoyo de todos los ciudadanos y que lo manifiesten de diferentes formas, no es momento de que tengan miedo, es el momento de que den la cara por la instituci\u00f3n y por M\u00e9xico ya que si ellos no lo hacen quien lo har\u00e1.<\/p>\n\n\n\n<figure class=\"wp-block-image size-large\"><img loading=\"lazy\" decoding=\"async\" width=\"900\" height=\"789\" src=\"https:\/\/encuentroinformativo.com.mx\/wp-content\/uploads\/2024\/08\/1000367261.jpg\" alt=\"\" class=\"wp-image-57815\" srcset=\"https:\/\/encuentroinformativo.com.mx\/wp-content\/uploads\/2024\/08\/1000367261.jpg 900w, https:\/\/encuentroinformativo.com.mx\/wp-content\/uploads\/2024\/08\/1000367261-300x263.jpg 300w, https:\/\/encuentroinformativo.com.mx\/wp-content\/uploads\/2024\/08\/1000367261-768x673.jpg 768w\" sizes=\"auto, (max-width: 900px) 100vw, 900px\" \/><\/figure>\n","protected":false},"excerpt":{"rendered":"<p>Dar\u00edo Pale Xalapa, Ver.- La magistrada Celina Avante del Segundo Tribunal Colegiado Auxiliar de Xalapa dio a conocer que, debido a que no existe otra alternativa para reivindicar el estado de derecho y la divisi\u00f3n de poderes hoy iniciaron formalmente la suspensi\u00f3n de labores en las oficinas del Poder Judicial de la Federaci\u00f3n en Xalapa. [&hellip;]<\/p>\n","protected":false},"author":2476,"featured_media":57814,"comment_status":"open","ping_status":"open","sticky":false,"template":"","format":"standard","meta":{"_jetpack_memberships_contains_paid_content":false,"footnotes":""},"categories":[3],"tags":[],"class_list":["post-57813","post","type-post","status-publish","format-standard","has-post-thumbnail","hentry","category-xalapa"],"jetpack_featured_media_url":"https:\/\/encuentroinformativo.com.mx\/wp-content\/uploads\/2024\/08\/IMG-20240821-WA0007.jpg","jetpack_sharing_enabled":true,"jetpack_likes_enabled":true,"amp_enabled":true,"_links":{"self":[{"href":"https:\/\/encuentroinformativo.com.mx\/index.php?rest_route=\/wp\/v2\/posts\/57813","targetHints":{"allow":["GET"]}}],"collection":[{"href":"https:\/\/encuentroinformativo.com.mx\/index.php?rest_route=\/wp\/v2\/posts"}],"about":[{"href":"https:\/\/encuentroinformativo.com.mx\/index.php?rest_route=\/wp\/v2\/types\/post"}],"author":[{"embeddable":true,"href":"https:\/\/encuentroinformativo.com.mx\/index.php?rest_route=\/wp\/v2\/users\/2476"}],"replies":[{"embeddable":true,"href":"https:\/\/encuentroinformativo.com.mx\/index.php?rest_route=%2Fwp%2Fv2%2Fcomments&post=57813"}],"version-history":[{"count":1,"href":"https:\/\/encuentroinformativo.com.mx\/index.php?rest_route=\/wp\/v2\/posts\/57813\/revisions"}],"predecessor-version":[{"id":57816,"href":"https:\/\/encuentroinformativo.com.mx\/index.php?rest_route=\/wp\/v2\/posts\/57813\/revisions\/57816"}],"wp:featuredmedia":[{"embeddable":true,"href":"https:\/\/encuentroinformativo.com.mx\/index.php?rest_route=\/wp\/v2\/media\/57814"}],"wp:attachment":[{"href":"https:\/\/encuentroinformativo.com.mx\/index.php?rest_route=%2Fwp%2Fv2%2Fmedia&parent=57813"}],"wp:term":[{"taxonomy":"category","embeddable":true,"href":"https:\/\/encuentroinformativo.com.mx\/index.php?rest_route=%2Fwp%2Fv2%2Fcategories&post=57813"},{"taxonomy":"post_tag","embeddable":true,"href":"https:\/\/encuentroinformativo.com.mx\/index.php?rest_route=%2Fwp%2Fv2%2Ftags&post=57813"}],"curies":[{"name":"wp","href":"https:\/\/api.w.org\/{rel}","templated":true}]}}