{"id":5782,"date":"2020-09-12T11:26:39","date_gmt":"2020-09-12T16:26:39","guid":{"rendered":"https:\/\/encuentroinformativo.com.mx\/?p=5782"},"modified":"2020-09-12T11:26:42","modified_gmt":"2020-09-12T16:26:42","slug":"ssp-sin-empatia","status":"publish","type":"post","link":"https:\/\/encuentroinformativo.com.mx\/?p=5782","title":{"rendered":"SSP, sin empat\u00eda"},"content":{"rendered":"\n<p><strong>N\u00fameros Rojos<\/strong><\/p>\n\n\n\n<p><strong>Brenda Caballero<\/strong><\/p>\n\n\n\n<p>Estir\u00f3 la mano para poder alcanzar la hoja pegada en la pared&#8230; era la ficha de b\u00fasqueda&nbsp; de M\u00eda Keiloren Pereyra Lira, de 15 a\u00f1os, desaparecida el 6 de septiembre de 2020 en Boca del R\u00edo&#8230; apenas alcanz\u00f3 a romper la mitad de la hoja. Misma suerte sufri\u00f3 la ficha de b\u00fasqueda de Yoana Cecilia Guadalupe Lechuga Andrade, de 14 a\u00f1os, desaparecida en Huayacocotla, el 19 de agosto, tambi\u00e9n de 2020.&nbsp;<\/p>\n\n\n\n<p>La instrucci\u00f3n era quitar de inmediato las hojas pegadas en la fachada de la sede estatal de la Comisi\u00f3n Nacional de Derechos Humanos en la colonia Zaragoza del Puerto de Veracruz, incluidas las fichas de b\u00fasqueda de mujeres desaparecidas y hasta la manta con consignas que previamente manifestantes hab\u00edan colocado, como apoyo a las mujeres y a los Colectivos que ocupan la sede de la Comisi\u00f3n Nacional de los Derechos Humanos desde el pasado 2 de septiembre y que ya han cambiado al nombre de Okupa, Casa Refugio \u201cNi Una Menos\u201d.<\/p>\n\n\n\n<p>Para ello lleg\u00f3 la patrulla n\u00famero 3413 de Seguridad P\u00fablica del Estado, de donde descendieron elementos de la Polic\u00eda Estatal a quitar en un dos por tres los textos pegados.&nbsp;<\/p>\n\n\n\n<p>Era una manifestaci\u00f3n pac\u00edfica, sin pintas al inmueble, sin destrozos, tan solo hojas pegadas y mantas colgadas. \u00bfPor qu\u00e9 quitarlas dos horas despu\u00e9s de que se retiraron las manifestantes?<\/p>\n\n\n\n<p>Podr\u00eda pensar que fue por la burla en las fotocopias pegadas con im\u00e1genes del Presidente, el Gobernador y el Alcalde del Puerto; por los rayones con colores que les hicieron en sus caras y las expresiones a su trabajo. Pero \u00bfY las fichas de las mujeres desaparecidas y las periodistas asesinadas?<\/p>\n\n\n\n<p>Incluso las feministas colocaron hojas con estad\u00edsticas donde se aprecia a Veracruz en los primeros lugares en feminicidios y desapariciones.<\/p>\n\n\n\n<p>\u00bfAcaso podr\u00eda considerarse represi\u00f3n al derecho a manifestarse libremente?<\/p>\n\n\n\n<p>Sin duda a Seguridad P\u00fablica le urg\u00eda limpiar la sede, quitar lo que considera negativo, arrancar las historias de las desaparecidas, de las asesinadas y ocultar las cifras de un jal\u00f3n pues hasta 4 elementos trabajaron r\u00e1pidamente en ello.<\/p>\n\n\n\n<p>De la misma forma quisi\u00e9ramos que acudieran ante un llamado de auxilio, ante una emergencia, donde m\u00e1s de un veracruzano o veracruzana hemos constatado que ante una llamada telef\u00f3nica para pedir apoyo, en muchos casos no llegan o llegan tarde. \u00bfA poco no le ha sucedido?<\/p>\n\n\n\n<p>Es una pena que se tenga que emplear a nuestros polic\u00edas, encargados de la preservaci\u00f3n del orden y la seguridad de los ciudadanos, en tareas que debieran ser competencia interna de las autoridades correspondientes, como es \u201climpiar\u201d un edificio federal.<\/p>\n\n\n\n<p>Tal parece que al titular de Seguridad P\u00fablica Hugo Guti\u00e9rrez Maldonado le importa m\u00e1s la imagen que el fondo de la problem\u00e1tica que viven las mujeres en Veracruz.&nbsp;<\/p>\n\n\n\n<p>Ojal\u00e1 que ante la situaci\u00f3n actual que viven las mujeres a nivel nacional, y ante la ausencia de seguridad, y no lo digo yo, lo dicen las estad\u00edsticas que van en aumento en nuestro estado, el Secretario mostrara m\u00e1s empat\u00eda con ellas en una manifestaci\u00f3n donde no hubo pintas, destrozos, golpes, tan solo mantas y hojas pegadas, y entendiera que su papel en Veracruz no es el de la intendencia.<\/p>\n\n\n\n<p>@NumerosRojos_BC<\/p>\n\n\n\n<p><a href=\"mailto:caballero_brenda@hotmail.com\" target=\"_blank\" rel=\"noreferrer noopener\">caballero_brenda@hotmail.com<\/a><\/p>\n","protected":false},"excerpt":{"rendered":"<p>N\u00fameros Rojos Brenda Caballero Estir\u00f3 la mano para poder alcanzar la hoja pegada en la pared&#8230; era la ficha de b\u00fasqueda&nbsp; de M\u00eda Keiloren Pereyra Lira, de 15 a\u00f1os, desaparecida el 6 de septiembre de 2020 en Boca del R\u00edo&#8230; apenas alcanz\u00f3 a romper la mitad de la hoja. Misma suerte sufri\u00f3 la ficha de [&hellip;]<\/p>\n","protected":false},"author":1,"featured_media":387,"comment_status":"open","ping_status":"open","sticky":false,"template":"","format":"aside","meta":{"_jetpack_memberships_contains_paid_content":false,"footnotes":""},"categories":[11],"tags":[],"class_list":["post-5782","post","type-post","status-publish","format-aside","has-post-thumbnail","hentry","category-opinion","post_format-post-format-aside"],"jetpack_featured_media_url":"https:\/\/encuentroinformativo.com.mx\/wp-content\/uploads\/2020\/03\/7CF8A22B-2764-47BE-8F7F-38FE9E5D6A2F.jpeg","jetpack_sharing_enabled":true,"jetpack_likes_enabled":true,"amp_enabled":true,"_links":{"self":[{"href":"https:\/\/encuentroinformativo.com.mx\/index.php?rest_route=\/wp\/v2\/posts\/5782","targetHints":{"allow":["GET"]}}],"collection":[{"href":"https:\/\/encuentroinformativo.com.mx\/index.php?rest_route=\/wp\/v2\/posts"}],"about":[{"href":"https:\/\/encuentroinformativo.com.mx\/index.php?rest_route=\/wp\/v2\/types\/post"}],"author":[{"embeddable":true,"href":"https:\/\/encuentroinformativo.com.mx\/index.php?rest_route=\/wp\/v2\/users\/1"}],"replies":[{"embeddable":true,"href":"https:\/\/encuentroinformativo.com.mx\/index.php?rest_route=%2Fwp%2Fv2%2Fcomments&post=5782"}],"version-history":[{"count":1,"href":"https:\/\/encuentroinformativo.com.mx\/index.php?rest_route=\/wp\/v2\/posts\/5782\/revisions"}],"predecessor-version":[{"id":5783,"href":"https:\/\/encuentroinformativo.com.mx\/index.php?rest_route=\/wp\/v2\/posts\/5782\/revisions\/5783"}],"wp:featuredmedia":[{"embeddable":true,"href":"https:\/\/encuentroinformativo.com.mx\/index.php?rest_route=\/wp\/v2\/media\/387"}],"wp:attachment":[{"href":"https:\/\/encuentroinformativo.com.mx\/index.php?rest_route=%2Fwp%2Fv2%2Fmedia&parent=5782"}],"wp:term":[{"taxonomy":"category","embeddable":true,"href":"https:\/\/encuentroinformativo.com.mx\/index.php?rest_route=%2Fwp%2Fv2%2Fcategories&post=5782"},{"taxonomy":"post_tag","embeddable":true,"href":"https:\/\/encuentroinformativo.com.mx\/index.php?rest_route=%2Fwp%2Fv2%2Ftags&post=5782"}],"curies":[{"name":"wp","href":"https:\/\/api.w.org\/{rel}","templated":true}]}}