{"id":57820,"date":"2024-08-21T09:54:52","date_gmt":"2024-08-21T15:54:52","guid":{"rendered":"https:\/\/encuentroinformativo.com.mx\/?p=57820"},"modified":"2024-08-21T09:54:57","modified_gmt":"2024-08-21T15:54:57","slug":"victor-y-jesse-celebran-en-veracruz-30-anos-de-ser-disenadores","status":"publish","type":"post","link":"https:\/\/encuentroinformativo.com.mx\/?p=57820","title":{"rendered":"V\u00edctor y Jesse celebran en Veracruz 30 a\u00f1os de ser dise\u00f1adores"},"content":{"rendered":"\n<p><strong>Alejandro \u00c1vila<\/strong><\/p>\n\n\n\n<p>Veracruz, Ver.- Victor &amp; Jesse, los dise\u00f1adores consentidos del mundo del espect\u00e1culo est\u00e1n celebrando 30 a\u00f1os como profesionales de la moda internacional, por lo que su presencia en la cuarta edici\u00f3n del <em>Weekend In Fashion <\/em>M\u00e9xico 2024 es inevitable.<\/p>\n\n\n\n<p>V\u00edctor &amp; Jesse han confirmado su participaci\u00f3n en el <em>Weekend In Fashion<\/em> M\u00e9xico 2024 que se llevar\u00e1 cabo el jueves 3 de octubre en el Hotel Galer\u00eda Plaza a partir de las 20:00 horas, seg\u00fan lo ha confirmado Claudia Ortiz Hern\u00e1ndez, directora de <em>Factory Fashion M\u00e9xico<\/em> y coordinadora general del <em>Weekend In Fashion <\/em>M\u00e9xico que por cuarta ocasi\u00f3n se realiza en tierras veracruzanas.<\/p>\n\n\n\n<p>Esta exitosa dupla de dise\u00f1adores est\u00e1 enfocada en el glam. V\u00edctor &amp; Jesse es una de las marcas m\u00e1s queridas por los famosos.<\/p>\n\n\n\n<p>Yuri, Carlos Rivera, Lucero, Pandora, Laura G, Alejandra Guzm\u00e1n, Gloria Trevi, Omar Chaparro, Jhonny Caz, Galilea Montijo, Luc\u00eda M\u00e9ndez, Tatiana, Bebe Rexha, Los Tigres del Norte, Geraldine Baz\u00e1n, Ninel Conde, Maribel Guardia, as\u00ed como una infinidad de reinas de belleza han portado los dise\u00f1os de estos creativos mexicanos.<\/p>\n\n\n\n<p>Son originarios de Campeche y con un legado de moda, dise\u00f1o y exigencia en la calidad, desde 1994 Victor &amp; Jesse conjuntaron su talento para darle a M\u00e9xico un referente de dise\u00f1o que trascendiera fronteras.<\/p>\n\n\n\n<p>\u201cVictor &amp; Jesse es una marca que abarca un espectro muy amplio, tenemos 30 a\u00f1os en la industria y nos caracteriza el glam, porque seguimos utilizando t\u00e9cnicas de hace muchos a\u00f1os respecto a la confecci\u00f3n de ropa, sobre todo los bordados, el uso de materiales finos. Las t\u00e9cnicas de costura y todo eso es el gran ADN de la marca, adem\u00e1s de resolver los conflictos y las necesidades de nuestros clientes.\u201d, dice Jesse, uno de los l\u00edderes de la marca.<\/p>\n\n\n\n<p>V\u00edctor &amp; Jesse tambi\u00e9n se dedican a vestir a aquellos hombres y mujeres que desean lucir un estilo \u00fanico, que trasciende el tiempo: \u201cNuestros clientes primordiales y con los que iniciamos la marca, los que ayudaron a posicionarla son los clientes sociales, hemos trabajado con primeras damas, novias, empresarios, modelos, reinas de belleza. Tenemos clientes fijos, que a veces tienen una cuesti\u00f3n especial y aunque sea algo muy casual, van y compran con nosotros\u201d, asegura Jesse.<\/p>\n\n\n\n<p>Han trabajado para puestas teatrales como El Mago y The Wiz. En series de televisi\u00f3n como: Narcos M\u00e9xico, Monarca, Diablero, Juego de Las Llaves, Se\u00f1orita 89 y diversos realitys con TV Azteca y Televisa.<\/p>\n\n\n\n<p>V\u00edctor &amp; Jesse se han convertido en los dise\u00f1adores de cabecera de la cantante veracruzana Yuri. Ellos le confeccionaron el vestuario de su nuevo tour Euforia y fueron quienes realizaron todo el vestuario que la cantante utiliz\u00f3 como reina del centenario del Carnaval de Veracruz.<\/p>\n\n\n\n<p>La cuarta edici\u00f3n del Weekend In Fashion M\u00e9xico ser\u00e1 la gala de moda m\u00e1s importante de Veracruz, pues hasta este momento la coordinaci\u00f3n general ha confirmado a Galo Bertiz y V\u00edctor &amp; Jesse y se sabe que en breve se anunciar\u00e1n a otros dise\u00f1adores de talla internacional que vendr\u00e1n a Veracruz a presentar sus colecciones.<\/p>\n","protected":false},"excerpt":{"rendered":"<p>Alejandro \u00c1vila Veracruz, Ver.- Victor &amp; Jesse, los dise\u00f1adores consentidos del mundo del espect\u00e1culo est\u00e1n celebrando 30 a\u00f1os como profesionales de la moda internacional, por lo que su presencia en la cuarta edici\u00f3n del Weekend In Fashion M\u00e9xico 2024 es inevitable. V\u00edctor &amp; Jesse han confirmado su participaci\u00f3n en el Weekend In Fashion M\u00e9xico 2024 [&hellip;]<\/p>\n","protected":false},"author":2476,"featured_media":57821,"comment_status":"open","ping_status":"open","sticky":false,"template":"","format":"standard","meta":{"_jetpack_memberships_contains_paid_content":false,"footnotes":""},"categories":[2],"tags":[],"class_list":["post-57820","post","type-post","status-publish","format-standard","has-post-thumbnail","hentry","category-estado"],"jetpack_featured_media_url":"https:\/\/encuentroinformativo.com.mx\/wp-content\/uploads\/2024\/08\/IMG-20240821-WA0027.jpg","jetpack_sharing_enabled":true,"jetpack_likes_enabled":true,"amp_enabled":true,"_links":{"self":[{"href":"https:\/\/encuentroinformativo.com.mx\/index.php?rest_route=\/wp\/v2\/posts\/57820","targetHints":{"allow":["GET"]}}],"collection":[{"href":"https:\/\/encuentroinformativo.com.mx\/index.php?rest_route=\/wp\/v2\/posts"}],"about":[{"href":"https:\/\/encuentroinformativo.com.mx\/index.php?rest_route=\/wp\/v2\/types\/post"}],"author":[{"embeddable":true,"href":"https:\/\/encuentroinformativo.com.mx\/index.php?rest_route=\/wp\/v2\/users\/2476"}],"replies":[{"embeddable":true,"href":"https:\/\/encuentroinformativo.com.mx\/index.php?rest_route=%2Fwp%2Fv2%2Fcomments&post=57820"}],"version-history":[{"count":1,"href":"https:\/\/encuentroinformativo.com.mx\/index.php?rest_route=\/wp\/v2\/posts\/57820\/revisions"}],"predecessor-version":[{"id":57822,"href":"https:\/\/encuentroinformativo.com.mx\/index.php?rest_route=\/wp\/v2\/posts\/57820\/revisions\/57822"}],"wp:featuredmedia":[{"embeddable":true,"href":"https:\/\/encuentroinformativo.com.mx\/index.php?rest_route=\/wp\/v2\/media\/57821"}],"wp:attachment":[{"href":"https:\/\/encuentroinformativo.com.mx\/index.php?rest_route=%2Fwp%2Fv2%2Fmedia&parent=57820"}],"wp:term":[{"taxonomy":"category","embeddable":true,"href":"https:\/\/encuentroinformativo.com.mx\/index.php?rest_route=%2Fwp%2Fv2%2Fcategories&post=57820"},{"taxonomy":"post_tag","embeddable":true,"href":"https:\/\/encuentroinformativo.com.mx\/index.php?rest_route=%2Fwp%2Fv2%2Ftags&post=57820"}],"curies":[{"name":"wp","href":"https:\/\/api.w.org\/{rel}","templated":true}]}}