{"id":57826,"date":"2024-08-21T12:10:29","date_gmt":"2024-08-21T18:10:29","guid":{"rendered":"https:\/\/encuentroinformativo.com.mx\/?p=57826"},"modified":"2024-08-21T12:10:35","modified_gmt":"2024-08-21T18:10:35","slug":"en-veracruz-se-suma-poder-judicial-de-la-federacion-a-protestas","status":"publish","type":"post","link":"https:\/\/encuentroinformativo.com.mx\/?p=57826","title":{"rendered":"En Veracruz, se suma Poder Judicial de la Federaci\u00f3n a protestas"},"content":{"rendered":"\n<p><strong>Dar\u00edo Pale <\/strong><\/p>\n\n\n\n<p>Xalapa, Ver.- Los empleados del Poder Judicial de la Federaci\u00f3n se sumaron a la acci\u00f3n nacional desde el primer minuto de este mi\u00e9rcoles 21 de agosto en las instalaciones del S\u00e9ptimo Circuito del Poder Judicial de la Federaci\u00f3n con sede en los municipios de Xalapa, C\u00f3rdoba, Boca del R\u00edo, Tuxpan, Poza Rica, Emiliano Zapata y Villa Aldama.<\/p>\n\n\n\n<p>Mediante un pronunciamiento, advirtieron que con la reforma se corre el riesgo de someter al \u00fanico contrapeso entre los Poderes de la Uni\u00f3n garantes de los derechos de todo el pueblo de M\u00e9xico.<\/p>\n\n\n\n<p>\u201cEste intento de concentraci\u00f3n del poder en una sola persona no s\u00f3lo es afrenta directa a la independencia judicial, sino tambi\u00e9n un golpe mortal a la democracia que tantos antes de nosotros lucharon por establecer y proteger\u201d, se\u00f1alaron.<\/p>\n\n\n\n<p>\u201cEsta reforma, que bajo el velo de una supuesta modernizaci\u00f3n del Poder Judicial busca centralizar el poder poner en riesgo no s\u00f3lo la independencia de los jueces, sino tambi\u00e9n el bienestar de nuestra sociedad en su conjunto\u201d, agreg\u00f3.\u00a0<\/p>\n\n\n\n<p>Los trabajadores de Veracruz se sumaron al paro iniciado en otros 26 estados del pa\u00eds donde el personal tambi\u00e9n expres\u00f3 su rechazo a la reforma al Poder Judicial.<\/p>\n\n\n\n<p>Cuentan con el respaldo de la Asociaci\u00f3n Nacional de Magistrados de Circuito y Jueces de Distrito del Poder Judicial de la Federaci\u00f3n, instancia que confirm\u00f3 la aprobaci\u00f3n de mil 403 juzgadores que votaron por la suspensi\u00f3n de actividades jurisdiccionales.<\/p>\n\n\n\n<p>Todo con tal de defender la autonom\u00eda del Poder Judicial de la Federaci\u00f3n, el cual subrayaron, es \u201cpilar de nuestro sistema democr\u00e1tico\u201d.<\/p>\n","protected":false},"excerpt":{"rendered":"<p>Dar\u00edo Pale Xalapa, Ver.- Los empleados del Poder Judicial de la Federaci\u00f3n se sumaron a la acci\u00f3n nacional desde el primer minuto de este mi\u00e9rcoles 21 de agosto en las instalaciones del S\u00e9ptimo Circuito del Poder Judicial de la Federaci\u00f3n con sede en los municipios de Xalapa, C\u00f3rdoba, Boca del R\u00edo, Tuxpan, Poza Rica, Emiliano [&hellip;]<\/p>\n","protected":false},"author":2476,"featured_media":57827,"comment_status":"open","ping_status":"open","sticky":false,"template":"","format":"standard","meta":{"_jetpack_memberships_contains_paid_content":false,"footnotes":""},"categories":[2],"tags":[],"class_list":["post-57826","post","type-post","status-publish","format-standard","has-post-thumbnail","hentry","category-estado"],"jetpack_featured_media_url":"https:\/\/encuentroinformativo.com.mx\/wp-content\/uploads\/2024\/08\/IMG-20240821-WA0036.jpg","jetpack_sharing_enabled":true,"jetpack_likes_enabled":true,"amp_enabled":true,"_links":{"self":[{"href":"https:\/\/encuentroinformativo.com.mx\/index.php?rest_route=\/wp\/v2\/posts\/57826","targetHints":{"allow":["GET"]}}],"collection":[{"href":"https:\/\/encuentroinformativo.com.mx\/index.php?rest_route=\/wp\/v2\/posts"}],"about":[{"href":"https:\/\/encuentroinformativo.com.mx\/index.php?rest_route=\/wp\/v2\/types\/post"}],"author":[{"embeddable":true,"href":"https:\/\/encuentroinformativo.com.mx\/index.php?rest_route=\/wp\/v2\/users\/2476"}],"replies":[{"embeddable":true,"href":"https:\/\/encuentroinformativo.com.mx\/index.php?rest_route=%2Fwp%2Fv2%2Fcomments&post=57826"}],"version-history":[{"count":1,"href":"https:\/\/encuentroinformativo.com.mx\/index.php?rest_route=\/wp\/v2\/posts\/57826\/revisions"}],"predecessor-version":[{"id":57828,"href":"https:\/\/encuentroinformativo.com.mx\/index.php?rest_route=\/wp\/v2\/posts\/57826\/revisions\/57828"}],"wp:featuredmedia":[{"embeddable":true,"href":"https:\/\/encuentroinformativo.com.mx\/index.php?rest_route=\/wp\/v2\/media\/57827"}],"wp:attachment":[{"href":"https:\/\/encuentroinformativo.com.mx\/index.php?rest_route=%2Fwp%2Fv2%2Fmedia&parent=57826"}],"wp:term":[{"taxonomy":"category","embeddable":true,"href":"https:\/\/encuentroinformativo.com.mx\/index.php?rest_route=%2Fwp%2Fv2%2Fcategories&post=57826"},{"taxonomy":"post_tag","embeddable":true,"href":"https:\/\/encuentroinformativo.com.mx\/index.php?rest_route=%2Fwp%2Fv2%2Ftags&post=57826"}],"curies":[{"name":"wp","href":"https:\/\/api.w.org\/{rel}","templated":true}]}}