{"id":57832,"date":"2024-08-21T12:53:59","date_gmt":"2024-08-21T18:53:59","guid":{"rendered":"https:\/\/encuentroinformativo.com.mx\/?p=57832"},"modified":"2024-08-21T12:54:04","modified_gmt":"2024-08-21T18:54:04","slug":"abre-uv-especialidades-en-temas-de-personas-desaparecidas","status":"publish","type":"post","link":"https:\/\/encuentroinformativo.com.mx\/?p=57832","title":{"rendered":"Abre UV especialidades en temas de personas desaparecidas"},"content":{"rendered":"\n<p><strong>Dar\u00edo Pale<\/strong><\/p>\n\n\n\n<p>Xalapa, Ver.- Por &#8220;crisis&#8221; forense para identificaci\u00f3n de personas en el pa\u00eds, la Universidad Veracruzana (UV) abre 5 especializaciones, el rector refiere que hay m\u00e1s de 60 mil cuerpos sin identificar en M\u00e9xico, la UV tiene un compromiso de ayudar, as\u00ed lo dio a conocer el el rector de la M\u00e1xima Casa de Estudios, Mart\u00edn Aguilar S\u00e1nchez.<\/p>\n\n\n\n<p>En conferencia de prensa coment\u00f3 que, ante el elevado n\u00famero de personas desaparecidas que hay en Veracruz y el pais, la Universidad Veracruzana anunci\u00f3 cinco especializaciones enfocadas a esta problem\u00e1tica, expuso que hay una crisis forense, toda vez que se estiman aproximadamente poco m\u00e1s de 60 mil cad\u00e1veres sin identificar a nivel nacional.<\/p>\n\n\n\n<p>&#8220;Entonces, como universidad tenemos el compromiso de empujar, coadyuvar a esta problem\u00e1tica. Ha habido sugerencias de los organismos internacionales, de los familiares de desaparecidos&#8221;, se\u00f1al\u00f3.<\/p>\n\n\n\n<p>&#8220;En ese sentido, la Universidad tiene un compromiso a partir de su programa de trabajo, est\u00e1s cinco especialidades salen el d\u00eda de ma\u00f1ana, el 22 de agosto de 2024 y se cierra el 23 de septiembre de 2024&#8221;, agreg\u00f3.<\/p>\n\n\n\n<p>Las especialidades son: Gesti\u00f3n en la Identificaci\u00f3n Humana, Arqueolog\u00eda Forense, Perspectiva Psicosocial en Atenci\u00f3n a V\u00edctimas por la desaparici\u00f3n de las personas, Odontolog\u00eda Forense con fines de identificaci\u00f3n humana y, Antropolog\u00eda F\u00edsica Forense.<\/p>\n\n\n\n<p>Por \u00faltimo coment\u00f3 que las cinco especializaciones iniciar\u00e1n clases en el mes de febrero 2025 y tiene una duraci\u00f3n de 12 meses, agreg\u00f3 el rector de la Universidad, quien destac\u00f3 que habr\u00e1 entre 8 y 9 experiencias educativas.<\/p>\n","protected":false},"excerpt":{"rendered":"<p>Dar\u00edo Pale Xalapa, Ver.- Por &#8220;crisis&#8221; forense para identificaci\u00f3n de personas en el pa\u00eds, la Universidad Veracruzana (UV) abre 5 especializaciones, el rector refiere que hay m\u00e1s de 60 mil cuerpos sin identificar en M\u00e9xico, la UV tiene un compromiso de ayudar, as\u00ed lo dio a conocer el el rector de la M\u00e1xima Casa de [&hellip;]<\/p>\n","protected":false},"author":2476,"featured_media":57833,"comment_status":"open","ping_status":"open","sticky":false,"template":"","format":"standard","meta":{"_jetpack_memberships_contains_paid_content":false,"footnotes":""},"categories":[2],"tags":[],"class_list":["post-57832","post","type-post","status-publish","format-standard","has-post-thumbnail","hentry","category-estado"],"jetpack_featured_media_url":"https:\/\/encuentroinformativo.com.mx\/wp-content\/uploads\/2024\/08\/IMG-20240821-WA0051.jpg","jetpack_sharing_enabled":true,"jetpack_likes_enabled":true,"amp_enabled":true,"_links":{"self":[{"href":"https:\/\/encuentroinformativo.com.mx\/index.php?rest_route=\/wp\/v2\/posts\/57832","targetHints":{"allow":["GET"]}}],"collection":[{"href":"https:\/\/encuentroinformativo.com.mx\/index.php?rest_route=\/wp\/v2\/posts"}],"about":[{"href":"https:\/\/encuentroinformativo.com.mx\/index.php?rest_route=\/wp\/v2\/types\/post"}],"author":[{"embeddable":true,"href":"https:\/\/encuentroinformativo.com.mx\/index.php?rest_route=\/wp\/v2\/users\/2476"}],"replies":[{"embeddable":true,"href":"https:\/\/encuentroinformativo.com.mx\/index.php?rest_route=%2Fwp%2Fv2%2Fcomments&post=57832"}],"version-history":[{"count":1,"href":"https:\/\/encuentroinformativo.com.mx\/index.php?rest_route=\/wp\/v2\/posts\/57832\/revisions"}],"predecessor-version":[{"id":57834,"href":"https:\/\/encuentroinformativo.com.mx\/index.php?rest_route=\/wp\/v2\/posts\/57832\/revisions\/57834"}],"wp:featuredmedia":[{"embeddable":true,"href":"https:\/\/encuentroinformativo.com.mx\/index.php?rest_route=\/wp\/v2\/media\/57833"}],"wp:attachment":[{"href":"https:\/\/encuentroinformativo.com.mx\/index.php?rest_route=%2Fwp%2Fv2%2Fmedia&parent=57832"}],"wp:term":[{"taxonomy":"category","embeddable":true,"href":"https:\/\/encuentroinformativo.com.mx\/index.php?rest_route=%2Fwp%2Fv2%2Fcategories&post=57832"},{"taxonomy":"post_tag","embeddable":true,"href":"https:\/\/encuentroinformativo.com.mx\/index.php?rest_route=%2Fwp%2Fv2%2Ftags&post=57832"}],"curies":[{"name":"wp","href":"https:\/\/api.w.org\/{rel}","templated":true}]}}