{"id":57835,"date":"2024-08-21T14:20:49","date_gmt":"2024-08-21T20:20:49","guid":{"rendered":"https:\/\/encuentroinformativo.com.mx\/?p=57835"},"modified":"2024-08-21T14:20:55","modified_gmt":"2024-08-21T20:20:55","slug":"academia-regional-de-seguridad-de-veracruz-logra-acreditacion-tipo-a","status":"publish","type":"post","link":"https:\/\/encuentroinformativo.com.mx\/?p=57835","title":{"rendered":"Academia Regional de Seguridad de Veracruz logra acreditaci\u00f3n tipo A"},"content":{"rendered":"\n<p><strong>* <em>El Gobernador entreg\u00f3 cuatro espacios para mejorar la capacitaci\u00f3n policial.<br>En 22 a\u00f1os, m\u00e1s de 226 mil funcionarios p\u00fablicos del pa\u00eds se profesionalizaron<\/em>.<\/strong><\/p>\n\n\n\n<p><em>Emiliano Zapata, Ver., 21 de agosto de 2024.-<\/em> La Academia Regional de Seguridad P\u00fablica del Sureste alcanz\u00f3 la m\u00e1xima distinci\u00f3n al recibir la acreditaci\u00f3n tipo A como resultado del cumplimiento de 13 criterios exigidos por el Secretariado Ejecutivo del Sistema Nacional de Seguridad, ratificando su liderazgo en la profesionalizaci\u00f3n y dignificando la funci\u00f3n policial del estado, la regi\u00f3n y el pa\u00eds.<\/p>\n\n\n\n<p>El gobernador Cuitl\u00e1huac Garc\u00eda Jim\u00e9nez recibi\u00f3 la Certificaci\u00f3n y Acreditaci\u00f3n otorgada el pasado 2 de agosto, de manos del director general de la Academia, Jorge Viveros Pasquel. En su mensaje, el mandatario subray\u00f3 la importancia de capacitar a quienes son responsables de la seguridad de la ciudadan\u00eda, al tiempo que se consolidan las instituciones.<\/p>\n\n\n\n<p>Record\u00f3 que en 2019, la Federaci\u00f3n transfiri\u00f3 la administraci\u00f3n del organismo al Estado, por lo que desde entonces han trabajado coordinadamente por mantener altos est\u00e1ndares de profesionalizaci\u00f3n, haciendo de Veracruz un ejemplo nacional en lo referente a la prevenci\u00f3n, el combate, la reducci\u00f3n y la sanci\u00f3n de la incidencia delictiva.<\/p>\n\n\n\n<p>Este a\u00f1o, la academia fue reclasificada a tipo B al cumplir solo 9 de los 13 criterios, sin embargo, el Ejecutivo destin\u00f3 cuatro espacios mediante decreto para completar los requisitos: \u00e1reas de pr\u00e1ctica de tiro, pista de conducci\u00f3n de veh\u00edculos policiales, zona para actividades c\u00edvicas y la pista del cadete.<\/p>\n\n\n\n<p>Actualmente, elementos de la Secretar\u00eda de Seguridad P\u00fablica (SSP) de Coatzacoalcos, Altotonga, Fort\u00edn y Boca del R\u00edo, \u00e9sta \u00faltima en modalidad itinerante, cursan <em>Competencias B\u00e1sicas de la Funci\u00f3n Policial<\/em> y la Fiscal\u00eda General del Estado participa en el <em>Diplomado para Mandos en la Funci\u00f3n del Polic\u00eda de Investigaci\u00f3n del Sistema Penal Acusatorio<\/em>, inform\u00f3 el director general.<\/p>\n\n\n\n<p>La instituci\u00f3n lleva 22 a\u00f1os de servicio ininterrumpido, profesionalizando a m\u00e1s de 226 mil funcionarios a nivel nacional. En 2019, fue sectorizada a la SSP, donde imparte capacitaci\u00f3n especializada en alta direcci\u00f3n; seguridad nacional y del sistema de justicia penal; profesionalizaci\u00f3n del personal de seguridad y fortalecimiento de los mandos de instituciones polic\u00edas, investigaci\u00f3n del delito y sistemas penitenciarios.<\/p>\n","protected":false},"excerpt":{"rendered":"<p>* El Gobernador entreg\u00f3 cuatro espacios para mejorar la capacitaci\u00f3n policial.En 22 a\u00f1os, m\u00e1s de 226 mil funcionarios p\u00fablicos del pa\u00eds se profesionalizaron. Emiliano Zapata, Ver., 21 de agosto de 2024.- La Academia Regional de Seguridad P\u00fablica del Sureste alcanz\u00f3 la m\u00e1xima distinci\u00f3n al recibir la acreditaci\u00f3n tipo A como resultado del cumplimiento de 13 [&hellip;]<\/p>\n","protected":false},"author":2476,"featured_media":57836,"comment_status":"open","ping_status":"open","sticky":false,"template":"","format":"standard","meta":{"_jetpack_memberships_contains_paid_content":false,"footnotes":""},"categories":[2],"tags":[],"class_list":["post-57835","post","type-post","status-publish","format-standard","has-post-thumbnail","hentry","category-estado"],"jetpack_featured_media_url":"https:\/\/encuentroinformativo.com.mx\/wp-content\/uploads\/2024\/08\/IMG-20240821-WA0081-scaled.jpg","jetpack_sharing_enabled":true,"jetpack_likes_enabled":true,"amp_enabled":true,"_links":{"self":[{"href":"https:\/\/encuentroinformativo.com.mx\/index.php?rest_route=\/wp\/v2\/posts\/57835","targetHints":{"allow":["GET"]}}],"collection":[{"href":"https:\/\/encuentroinformativo.com.mx\/index.php?rest_route=\/wp\/v2\/posts"}],"about":[{"href":"https:\/\/encuentroinformativo.com.mx\/index.php?rest_route=\/wp\/v2\/types\/post"}],"author":[{"embeddable":true,"href":"https:\/\/encuentroinformativo.com.mx\/index.php?rest_route=\/wp\/v2\/users\/2476"}],"replies":[{"embeddable":true,"href":"https:\/\/encuentroinformativo.com.mx\/index.php?rest_route=%2Fwp%2Fv2%2Fcomments&post=57835"}],"version-history":[{"count":1,"href":"https:\/\/encuentroinformativo.com.mx\/index.php?rest_route=\/wp\/v2\/posts\/57835\/revisions"}],"predecessor-version":[{"id":57837,"href":"https:\/\/encuentroinformativo.com.mx\/index.php?rest_route=\/wp\/v2\/posts\/57835\/revisions\/57837"}],"wp:featuredmedia":[{"embeddable":true,"href":"https:\/\/encuentroinformativo.com.mx\/index.php?rest_route=\/wp\/v2\/media\/57836"}],"wp:attachment":[{"href":"https:\/\/encuentroinformativo.com.mx\/index.php?rest_route=%2Fwp%2Fv2%2Fmedia&parent=57835"}],"wp:term":[{"taxonomy":"category","embeddable":true,"href":"https:\/\/encuentroinformativo.com.mx\/index.php?rest_route=%2Fwp%2Fv2%2Fcategories&post=57835"},{"taxonomy":"post_tag","embeddable":true,"href":"https:\/\/encuentroinformativo.com.mx\/index.php?rest_route=%2Fwp%2Fv2%2Ftags&post=57835"}],"curies":[{"name":"wp","href":"https:\/\/api.w.org\/{rel}","templated":true}]}}