{"id":57844,"date":"2024-08-21T19:50:50","date_gmt":"2024-08-22T01:50:50","guid":{"rendered":"https:\/\/encuentroinformativo.com.mx\/?p=57844"},"modified":"2024-08-21T19:50:55","modified_gmt":"2024-08-22T01:50:55","slug":"rinde-frutos-colaboracion-entre-transito-del-estado-y-transportistas-de-veracruz","status":"publish","type":"post","link":"https:\/\/encuentroinformativo.com.mx\/?p=57844","title":{"rendered":"Rinde frutos colaboraci\u00f3n entre Tr\u00e1nsito del Estado y transportistas de Veracruz"},"content":{"rendered":"\n<p>Xalapa, Ver.-  El sector de transporte de carga en Veracruz ha logrado avances significativos en materia de seguridad vial gracias a la colaboraci\u00f3n estrecha y efectiva con las autoridades de tr\u00e1nsito y vialidad.<\/p>\n\n\n\n<p>Este esfuerzo conjunto ha sido reconocido por la C\u00e1mara Nacional del Autotransporte de Carga (CANACAR), que hizo reconocimientos especiales a oficiales de la Secretar\u00eda de Seguridad P\u00fablica (SSP) adscritos a la Direcci\u00f3n General de Tr\u00e1nsito y Seguridad Vial (DGTSV) por su dedicaci\u00f3n y compromiso en el servicio p\u00fablico.<\/p>\n\n\n\n<p>El evento, que cont\u00f3 con la presencia de Fernando De Jes\u00fas Ichaurregui Esparza, Director Operativo de la Regi\u00f3n Sureste de CANACAR, y Susana Fern\u00e1ndez Chapital, Gerente de CANACAR Xalapa, fue un espacio para celebrar los logros obtenidos y para establecer nuevos acuerdos que fortalezcan la seguridad vial en la entidad.<\/p>\n\n\n\n<p>Durante este reconocimiento, se destac\u00f3 la importancia de mantener una comunicaci\u00f3n constante y efectiva entre el sector privado y las autoridades gubernamentales para garantizar condiciones \u00f3ptimas en las carreteras y v\u00edas de circulaci\u00f3n.<\/p>\n\n\n\n<p>Asimismo, se acordaron medidas adicionales para continuar mejorando las pr\u00e1cticas de transporte de carga federal y tr\u00e1nsito en beneficio de toda la comunidad veracruzana.<\/p>\n","protected":false},"excerpt":{"rendered":"<p>Xalapa, Ver.- El sector de transporte de carga en Veracruz ha logrado avances significativos en materia de seguridad vial gracias a la colaboraci\u00f3n estrecha y efectiva con las autoridades de tr\u00e1nsito y vialidad. Este esfuerzo conjunto ha sido reconocido por la C\u00e1mara Nacional del Autotransporte de Carga (CANACAR), que hizo reconocimientos especiales a oficiales de [&hellip;]<\/p>\n","protected":false},"author":2476,"featured_media":57845,"comment_status":"open","ping_status":"open","sticky":false,"template":"","format":"standard","meta":{"_jetpack_memberships_contains_paid_content":false,"footnotes":""},"categories":[2],"tags":[],"class_list":["post-57844","post","type-post","status-publish","format-standard","has-post-thumbnail","hentry","category-estado"],"jetpack_featured_media_url":"https:\/\/encuentroinformativo.com.mx\/wp-content\/uploads\/2024\/08\/IMG-20240821-WA0090.jpg","jetpack_sharing_enabled":true,"jetpack_likes_enabled":true,"amp_enabled":true,"_links":{"self":[{"href":"https:\/\/encuentroinformativo.com.mx\/index.php?rest_route=\/wp\/v2\/posts\/57844","targetHints":{"allow":["GET"]}}],"collection":[{"href":"https:\/\/encuentroinformativo.com.mx\/index.php?rest_route=\/wp\/v2\/posts"}],"about":[{"href":"https:\/\/encuentroinformativo.com.mx\/index.php?rest_route=\/wp\/v2\/types\/post"}],"author":[{"embeddable":true,"href":"https:\/\/encuentroinformativo.com.mx\/index.php?rest_route=\/wp\/v2\/users\/2476"}],"replies":[{"embeddable":true,"href":"https:\/\/encuentroinformativo.com.mx\/index.php?rest_route=%2Fwp%2Fv2%2Fcomments&post=57844"}],"version-history":[{"count":1,"href":"https:\/\/encuentroinformativo.com.mx\/index.php?rest_route=\/wp\/v2\/posts\/57844\/revisions"}],"predecessor-version":[{"id":57846,"href":"https:\/\/encuentroinformativo.com.mx\/index.php?rest_route=\/wp\/v2\/posts\/57844\/revisions\/57846"}],"wp:featuredmedia":[{"embeddable":true,"href":"https:\/\/encuentroinformativo.com.mx\/index.php?rest_route=\/wp\/v2\/media\/57845"}],"wp:attachment":[{"href":"https:\/\/encuentroinformativo.com.mx\/index.php?rest_route=%2Fwp%2Fv2%2Fmedia&parent=57844"}],"wp:term":[{"taxonomy":"category","embeddable":true,"href":"https:\/\/encuentroinformativo.com.mx\/index.php?rest_route=%2Fwp%2Fv2%2Fcategories&post=57844"},{"taxonomy":"post_tag","embeddable":true,"href":"https:\/\/encuentroinformativo.com.mx\/index.php?rest_route=%2Fwp%2Fv2%2Ftags&post=57844"}],"curies":[{"name":"wp","href":"https:\/\/api.w.org\/{rel}","templated":true}]}}