{"id":57847,"date":"2024-08-21T19:56:10","date_gmt":"2024-08-22T01:56:10","guid":{"rendered":"https:\/\/encuentroinformativo.com.mx\/?p=57847"},"modified":"2024-08-21T19:56:16","modified_gmt":"2024-08-22T01:56:16","slug":"recibe-ricardo-ahued-al-luchador-tinieblas","status":"publish","type":"post","link":"https:\/\/encuentroinformativo.com.mx\/?p=57847","title":{"rendered":"Recibe Ricardo Ahued al luchador  \u201cTinieblas\u201d"},"content":{"rendered":"\n<p>Xalapa, Ver.- El presidente municipal Ricardo Ahued Bardahuil recibi\u00f3 al luchador \u201cTinieblas\u201d, quien se encuentra de visita en la ciudad para la presentaci\u00f3n de un libro escrito por el periodista y realizador de cine Ra\u00fal Criollo, mediante el que se recrean diversas etapas de su trayectoria.<\/p>\n\n\n\n<p>Acompa\u00f1ado por el alcalde suplente, Alberto Islas Reyes, la regidora Martha Valentina Dom\u00ednguez V\u00e1squez y el autor, el Presidente Municipal le dio la bienvenida y expres\u00f3 que es un honor tener en esta capital a uno de los personajes m\u00e1s representativos de la lucha libre mexicana.<\/p>\n\n\n\n<p>Ante la directora de Cultura, Karla Montano Rocher, el luchador agradeci\u00f3 las atenciones y facilidades brindadas por las autoridades municipales para presentar en el Museo de la M\u00fasica Veracruzana, a las 18:00 horas, el libro: \u201cTinieblas, el gigante sabio\u201d.<\/p>\n\n\n\n<p>Expuso que esta obra es un compendio de su carrera, misma que concluy\u00f3 con 9 mil 604 luchas, gracias a la disciplina, constancia y perseverancia que requiere la pr\u00e1ctica de este deporte.<\/p>\n\n\n\n<p class=\"has-text-align-center\"><strong>Presentan el libro \u201cTinieblas,<br>el gigante sabio\u201d<\/strong><\/p>\n\n\n\n<p>La tarde de este mi\u00e9rcoles se present\u00f3 el libro: \u201cTinieblas, el gigante sabio\u201d, acto que se llev\u00f3 a cabo en el Museo de la M\u00fasica Veracruzana, \u201cCasa Do\u00f1a Falla\u201d, ante la presencia de \u201cTinieblas\u201d y el autor: Ra\u00fal Criollo.<\/p>\n\n\n\n<p>Durante la presentaci\u00f3n, el escritor xalape\u00f1o destac\u00f3 que fue un honor haber realizado esta obra biogr\u00e1fica, dedicada a la trayectoria de un personaje tan importante para el deporte y el espect\u00e1culo, ya que \u201cTinieblas\u201d es figura de la lucha libre, pero tambi\u00e9n un referente de la cultura popular mexicana, que tuvo pasajes relevantes en la televisi\u00f3n, el cine y la historieta.<\/p>\n\n\n\n<p>Ra\u00fal Criollo ha colaborado en diversas publicaciones como Milenio Diario, El Universal y La Jornada. Tambi\u00e9n se ha desempe\u00f1ado como investigador en la Cineteca Nacional, guionista, productor y realizador de cine. Como autor de ficci\u00f3n ha incursionado en g\u00e9neros como el cuento y la novela.<\/p>\n\n\n\n<p>El libro se puede encontrar en el sitio web: luchakings.com y el Fondo de Cultura Econ\u00f3mica (FCE) en la Ciudad de M\u00e9xico.<\/p>\n\n\n\n<figure class=\"wp-block-image size-large\"><img loading=\"lazy\" decoding=\"async\" width=\"1024\" height=\"683\" src=\"https:\/\/encuentroinformativo.com.mx\/wp-content\/uploads\/2024\/08\/1000367762-1024x683.jpg\" alt=\"\" class=\"wp-image-57849\" srcset=\"https:\/\/encuentroinformativo.com.mx\/wp-content\/uploads\/2024\/08\/1000367762-1024x683.jpg 1024w, https:\/\/encuentroinformativo.com.mx\/wp-content\/uploads\/2024\/08\/1000367762-300x200.jpg 300w, https:\/\/encuentroinformativo.com.mx\/wp-content\/uploads\/2024\/08\/1000367762-768x512.jpg 768w, https:\/\/encuentroinformativo.com.mx\/wp-content\/uploads\/2024\/08\/1000367762-1536x1024.jpg 1536w, https:\/\/encuentroinformativo.com.mx\/wp-content\/uploads\/2024\/08\/1000367762-2048x1365.jpg 2048w\" sizes=\"auto, (max-width: 1024px) 100vw, 1024px\" \/><\/figure>\n","protected":false},"excerpt":{"rendered":"<p>Xalapa, Ver.- El presidente municipal Ricardo Ahued Bardahuil recibi\u00f3 al luchador \u201cTinieblas\u201d, quien se encuentra de visita en la ciudad para la presentaci\u00f3n de un libro escrito por el periodista y realizador de cine Ra\u00fal Criollo, mediante el que se recrean diversas etapas de su trayectoria. Acompa\u00f1ado por el alcalde suplente, Alberto Islas Reyes, la [&hellip;]<\/p>\n","protected":false},"author":2476,"featured_media":57848,"comment_status":"open","ping_status":"open","sticky":false,"template":"","format":"standard","meta":{"_jetpack_memberships_contains_paid_content":false,"footnotes":""},"categories":[3],"tags":[],"class_list":["post-57847","post","type-post","status-publish","format-standard","has-post-thumbnail","hentry","category-xalapa"],"jetpack_featured_media_url":"https:\/\/encuentroinformativo.com.mx\/wp-content\/uploads\/2024\/08\/IMG-20240821-WA0067-scaled.jpg","jetpack_sharing_enabled":true,"jetpack_likes_enabled":true,"amp_enabled":true,"_links":{"self":[{"href":"https:\/\/encuentroinformativo.com.mx\/index.php?rest_route=\/wp\/v2\/posts\/57847","targetHints":{"allow":["GET"]}}],"collection":[{"href":"https:\/\/encuentroinformativo.com.mx\/index.php?rest_route=\/wp\/v2\/posts"}],"about":[{"href":"https:\/\/encuentroinformativo.com.mx\/index.php?rest_route=\/wp\/v2\/types\/post"}],"author":[{"embeddable":true,"href":"https:\/\/encuentroinformativo.com.mx\/index.php?rest_route=\/wp\/v2\/users\/2476"}],"replies":[{"embeddable":true,"href":"https:\/\/encuentroinformativo.com.mx\/index.php?rest_route=%2Fwp%2Fv2%2Fcomments&post=57847"}],"version-history":[{"count":1,"href":"https:\/\/encuentroinformativo.com.mx\/index.php?rest_route=\/wp\/v2\/posts\/57847\/revisions"}],"predecessor-version":[{"id":57850,"href":"https:\/\/encuentroinformativo.com.mx\/index.php?rest_route=\/wp\/v2\/posts\/57847\/revisions\/57850"}],"wp:featuredmedia":[{"embeddable":true,"href":"https:\/\/encuentroinformativo.com.mx\/index.php?rest_route=\/wp\/v2\/media\/57848"}],"wp:attachment":[{"href":"https:\/\/encuentroinformativo.com.mx\/index.php?rest_route=%2Fwp%2Fv2%2Fmedia&parent=57847"}],"wp:term":[{"taxonomy":"category","embeddable":true,"href":"https:\/\/encuentroinformativo.com.mx\/index.php?rest_route=%2Fwp%2Fv2%2Fcategories&post=57847"},{"taxonomy":"post_tag","embeddable":true,"href":"https:\/\/encuentroinformativo.com.mx\/index.php?rest_route=%2Fwp%2Fv2%2Ftags&post=57847"}],"curies":[{"name":"wp","href":"https:\/\/api.w.org\/{rel}","templated":true}]}}