{"id":57858,"date":"2024-08-22T10:52:05","date_gmt":"2024-08-22T16:52:05","guid":{"rendered":"https:\/\/encuentroinformativo.com.mx\/?p=57858"},"modified":"2024-08-22T10:52:13","modified_gmt":"2024-08-22T16:52:13","slug":"sindicato-del-colegio-de-bachilleres-protestan-en-la-sev","status":"publish","type":"post","link":"https:\/\/encuentroinformativo.com.mx\/?p=57858","title":{"rendered":"Sindicato del Colegio de Bachilleres protestan en la SEV"},"content":{"rendered":"\n<p><strong>Dar\u00edo Pale <\/strong><\/p>\n\n\n\n<p>Xalapa, Ver.- Los integrantes del Sindicato Democr\u00e1tico Estatal de los Trabajadores del Colegio de Bachilleres del Estado de Veracruz, tomaron las instalaciones de la SEV por diversas violaciones laborales de sus agremiados.<\/p>\n\n\n\n<p>Entrevistado durante la manifestaci\u00f3n Julio L\u00f3pez Calvario, secretario general de la organizaci\u00f3n sindical, expuso que a lo largo de casi todo el sexenio hicieron demandas sin lograr resultados.<\/p>\n\n\n\n<p>Por ello, este d\u00eda trabajadores de la educaci\u00f3n de municipios de C\u00f3rdoba, Nogales, Cosoleacaque, Maltrata, Minatitl\u00e1n, Huatusco, Sayula de Alem\u00e1n, entre otros llegaron para pedir audiencia al secretario V\u00edctor Vargas Barrientos.<\/p>\n\n\n\n<p>El plant\u00f3n no ser\u00e1 levantado hasta que no logren un di\u00e1logo con el titular de la dependencia, ya que todos los d\u00edas los maestros y administrativos sufren violaciones laborales por parte de los directivos.<\/p>\n\n\n\n<p>En ese sentido, cit\u00f3 como ejemplo\u00a0 al plantel de Nogales, en donde la directora constantemente intimida y vulnera los derechos de sus compa\u00f1eros.<\/p>\n\n\n\n<p>&#8220;Por eso lamentamos molestar a la sociedad, pero hacemos uso de nuestro derecho constitucional. Desde el inicio de la administraci\u00f3n hemos estado en reuniones con el maestro Zenyacen, con el maestro V\u00edctor, les entregamos nuestras peticiones, fundamentamos el por qu\u00e9 de nuestras peticiones&#8221;, se\u00f1al\u00f3.<\/p>\n\n\n\n<p>Finalmente dijo que, &#8220;pareciera que se resuelven, regresan nuestros compa\u00f1eros a los planteles y les siguen vulnerando sus derechos por eso venimos aqu\u00ed en un plant\u00f3n permanente&#8221;.<\/p>\n","protected":false},"excerpt":{"rendered":"<p>Dar\u00edo Pale Xalapa, Ver.- Los integrantes del Sindicato Democr\u00e1tico Estatal de los Trabajadores del Colegio de Bachilleres del Estado de Veracruz, tomaron las instalaciones de la SEV por diversas violaciones laborales de sus agremiados. Entrevistado durante la manifestaci\u00f3n Julio L\u00f3pez Calvario, secretario general de la organizaci\u00f3n sindical, expuso que a lo largo de casi todo [&hellip;]<\/p>\n","protected":false},"author":2476,"featured_media":57859,"comment_status":"open","ping_status":"open","sticky":false,"template":"","format":"standard","meta":{"_jetpack_memberships_contains_paid_content":false,"footnotes":""},"categories":[3],"tags":[],"class_list":["post-57858","post","type-post","status-publish","format-standard","has-post-thumbnail","hentry","category-xalapa"],"jetpack_featured_media_url":"https:\/\/encuentroinformativo.com.mx\/wp-content\/uploads\/2024\/08\/IMG-20240822-WA0016.jpg","jetpack_sharing_enabled":true,"jetpack_likes_enabled":true,"amp_enabled":true,"_links":{"self":[{"href":"https:\/\/encuentroinformativo.com.mx\/index.php?rest_route=\/wp\/v2\/posts\/57858","targetHints":{"allow":["GET"]}}],"collection":[{"href":"https:\/\/encuentroinformativo.com.mx\/index.php?rest_route=\/wp\/v2\/posts"}],"about":[{"href":"https:\/\/encuentroinformativo.com.mx\/index.php?rest_route=\/wp\/v2\/types\/post"}],"author":[{"embeddable":true,"href":"https:\/\/encuentroinformativo.com.mx\/index.php?rest_route=\/wp\/v2\/users\/2476"}],"replies":[{"embeddable":true,"href":"https:\/\/encuentroinformativo.com.mx\/index.php?rest_route=%2Fwp%2Fv2%2Fcomments&post=57858"}],"version-history":[{"count":1,"href":"https:\/\/encuentroinformativo.com.mx\/index.php?rest_route=\/wp\/v2\/posts\/57858\/revisions"}],"predecessor-version":[{"id":57860,"href":"https:\/\/encuentroinformativo.com.mx\/index.php?rest_route=\/wp\/v2\/posts\/57858\/revisions\/57860"}],"wp:featuredmedia":[{"embeddable":true,"href":"https:\/\/encuentroinformativo.com.mx\/index.php?rest_route=\/wp\/v2\/media\/57859"}],"wp:attachment":[{"href":"https:\/\/encuentroinformativo.com.mx\/index.php?rest_route=%2Fwp%2Fv2%2Fmedia&parent=57858"}],"wp:term":[{"taxonomy":"category","embeddable":true,"href":"https:\/\/encuentroinformativo.com.mx\/index.php?rest_route=%2Fwp%2Fv2%2Fcategories&post=57858"},{"taxonomy":"post_tag","embeddable":true,"href":"https:\/\/encuentroinformativo.com.mx\/index.php?rest_route=%2Fwp%2Fv2%2Ftags&post=57858"}],"curies":[{"name":"wp","href":"https:\/\/api.w.org\/{rel}","templated":true}]}}