{"id":57867,"date":"2024-08-22T11:18:53","date_gmt":"2024-08-22T17:18:53","guid":{"rendered":"https:\/\/encuentroinformativo.com.mx\/?p=57867"},"modified":"2024-08-22T11:18:59","modified_gmt":"2024-08-22T17:18:59","slug":"hombre-pierde-la-vida-en-los-lagos-de-xalapa","status":"publish","type":"post","link":"https:\/\/encuentroinformativo.com.mx\/?p=57867","title":{"rendered":"Hombre pierde la vida en Los Lagos de Xalapa"},"content":{"rendered":"\n<p><strong>Dar\u00edo Pale <\/strong><\/p>\n\n\n\n<p>Xalapa, Ver.- La ma\u00f1ana de este jueves, hombre de aproximadamente 45 a\u00f1os muri\u00f3 ahogado en Los Lagos de El Dique, uno de los atractivos tur\u00edsticos m\u00e1s importantes de Xalapa.\u00a0<\/p>\n\n\n\n<p>El hecho fue reportado a las autoridades\u00a0 alrededor de las 8:30 de la ma\u00f1ana, luego de que el sujeto ingresara repentinamente al segundo lago estando presuntamente bajo los efectos de alguna droga o alcohol.<\/p>\n\n\n\n<p>Algunas personas que se encontraban en el lugar, entre ellos trabajadores del Ayuntamiento de Xalapa, se percataron de lo ocurrido y trataron de auxiliarlo, aunque nada pudieron hacer para sacarlo del agua.<\/p>\n\n\n\n<p>Al lugar arribaron elementos de la Polic\u00eda Municipal, Polic\u00eda Estatal y del Escuadr\u00f3n Nacional de Rescate. Estos \u00faltimos se encargaron de sacar el cuerpo del lago.<\/p>\n\n\n\n<p>Posteriormente, peritos lo trasladaron al Servicio M\u00e9dico Forense, a la espera de que sea reclamado por sus familiares.<\/p>\n\n\n\n<p>De acuerdo a testigos, el fallecido fue identificado como Bernardo Tlaxcalteco, tambi\u00e9n conocido como &#8216;El Negro&#8217;, quien ten\u00eda su domicilio en la calle Venustiano Carranza, en la colonia El Dique.<\/p>\n\n\n\n<figure class=\"wp-block-image size-large\"><img loading=\"lazy\" decoding=\"async\" width=\"1024\" height=\"576\" src=\"https:\/\/encuentroinformativo.com.mx\/wp-content\/uploads\/2024\/08\/1000368156-1024x576.jpg\" alt=\"\" class=\"wp-image-57869\" srcset=\"https:\/\/encuentroinformativo.com.mx\/wp-content\/uploads\/2024\/08\/1000368156-1024x576.jpg 1024w, https:\/\/encuentroinformativo.com.mx\/wp-content\/uploads\/2024\/08\/1000368156-300x169.jpg 300w, https:\/\/encuentroinformativo.com.mx\/wp-content\/uploads\/2024\/08\/1000368156-768x432.jpg 768w, https:\/\/encuentroinformativo.com.mx\/wp-content\/uploads\/2024\/08\/1000368156-1536x864.jpg 1536w, https:\/\/encuentroinformativo.com.mx\/wp-content\/uploads\/2024\/08\/1000368156.jpg 1600w\" sizes=\"auto, (max-width: 1024px) 100vw, 1024px\" \/><\/figure>\n","protected":false},"excerpt":{"rendered":"<p>Dar\u00edo Pale Xalapa, Ver.- La ma\u00f1ana de este jueves, hombre de aproximadamente 45 a\u00f1os muri\u00f3 ahogado en Los Lagos de El Dique, uno de los atractivos tur\u00edsticos m\u00e1s importantes de Xalapa.\u00a0 El hecho fue reportado a las autoridades\u00a0 alrededor de las 8:30 de la ma\u00f1ana, luego de que el sujeto ingresara repentinamente al segundo lago [&hellip;]<\/p>\n","protected":false},"author":2476,"featured_media":57868,"comment_status":"open","ping_status":"open","sticky":false,"template":"","format":"standard","meta":{"_jetpack_memberships_contains_paid_content":false,"footnotes":""},"categories":[14],"tags":[],"class_list":["post-57867","post","type-post","status-publish","format-standard","has-post-thumbnail","hentry","category-policiaca"],"jetpack_featured_media_url":"https:\/\/encuentroinformativo.com.mx\/wp-content\/uploads\/2024\/08\/IMG-20240822-WA0032.jpg","jetpack_sharing_enabled":true,"jetpack_likes_enabled":true,"amp_enabled":true,"_links":{"self":[{"href":"https:\/\/encuentroinformativo.com.mx\/index.php?rest_route=\/wp\/v2\/posts\/57867","targetHints":{"allow":["GET"]}}],"collection":[{"href":"https:\/\/encuentroinformativo.com.mx\/index.php?rest_route=\/wp\/v2\/posts"}],"about":[{"href":"https:\/\/encuentroinformativo.com.mx\/index.php?rest_route=\/wp\/v2\/types\/post"}],"author":[{"embeddable":true,"href":"https:\/\/encuentroinformativo.com.mx\/index.php?rest_route=\/wp\/v2\/users\/2476"}],"replies":[{"embeddable":true,"href":"https:\/\/encuentroinformativo.com.mx\/index.php?rest_route=%2Fwp%2Fv2%2Fcomments&post=57867"}],"version-history":[{"count":1,"href":"https:\/\/encuentroinformativo.com.mx\/index.php?rest_route=\/wp\/v2\/posts\/57867\/revisions"}],"predecessor-version":[{"id":57870,"href":"https:\/\/encuentroinformativo.com.mx\/index.php?rest_route=\/wp\/v2\/posts\/57867\/revisions\/57870"}],"wp:featuredmedia":[{"embeddable":true,"href":"https:\/\/encuentroinformativo.com.mx\/index.php?rest_route=\/wp\/v2\/media\/57868"}],"wp:attachment":[{"href":"https:\/\/encuentroinformativo.com.mx\/index.php?rest_route=%2Fwp%2Fv2%2Fmedia&parent=57867"}],"wp:term":[{"taxonomy":"category","embeddable":true,"href":"https:\/\/encuentroinformativo.com.mx\/index.php?rest_route=%2Fwp%2Fv2%2Fcategories&post=57867"},{"taxonomy":"post_tag","embeddable":true,"href":"https:\/\/encuentroinformativo.com.mx\/index.php?rest_route=%2Fwp%2Fv2%2Ftags&post=57867"}],"curies":[{"name":"wp","href":"https:\/\/api.w.org\/{rel}","templated":true}]}}