{"id":5787,"date":"2020-09-12T14:17:57","date_gmt":"2020-09-12T19:17:57","guid":{"rendered":"https:\/\/encuentroinformativo.com.mx\/?p=5787"},"modified":"2020-09-12T14:18:00","modified_gmt":"2020-09-12T19:18:00","slug":"eleccion-interna-ultima-oportunidad-de-morena-attolini","status":"publish","type":"post","link":"https:\/\/encuentroinformativo.com.mx\/?p=5787","title":{"rendered":"Elecci\u00f3n interna, \u00faltima oportunidad de Morena: Attolini"},"content":{"rendered":"\n<p><strong>Dar\u00edo Pale <\/strong><\/p>\n\n\n\n<p>Xalapa, Ver.- Morena tiene \u201cuna \u00faltima oportunidad\u201d de hacer las cosas bien con la elecci\u00f3n de su dirigente estatal, as\u00ed lo se\u00f1al\u00f3 el candidato a secretario general de dicho partido, Antonio Attolini.<\/p>\n\n\n\n<p>Entrevistado en conocido caf\u00e9 del centro de Xalapa, advirti\u00f3 que si este nuevo intento fracasa se ver\u00e1n afectadas las posibilidades del partido en las pr\u00f3ximas \u00a0elecciones del 2021.<\/p>\n\n\n\n<p>\u201cSi este proceso deriva en un conflicto interno que no termina por dirimir los puntos de vista o termina en un fiasco en donde unos se reclaman a otros y no es leg\u00edtimo el origen de la nueva dirigencia, claro que tendr\u00edamos un problema para el a\u00f1o que entra\u201d, se\u00f1al\u00f3.<\/p>\n\n\n\n<p>El proceso de la renovaci\u00f3n de la dirigencia culminar\u00e1 el pr\u00f3ximo 5 de octubre a trav\u00e9s de encuesta, y hasta ahora 54 personas se registraron para la secretar\u00eda general y 51 para la presidencia.<\/p>\n\n\n\n<p>Ahora el Instituto Nacional Electoral (INE) deber\u00e1 realizar una pre-encuesta de reconocimiento y determinar\u00e1 un m\u00e1ximo de seis perfiles para elegir a la dirigencia a trav\u00e9s de este mismo mecanismo.<\/p>\n\n\n\n<p>\u201cEl hecho de que haya muchas personas muestra qu\u00e9 hay inter\u00e9s y que el partido por primera vez en mucho tiempo se est\u00e1 abriendo al pueblo\u201d, finaliz\u00f3.<\/p>\n","protected":false},"excerpt":{"rendered":"<p>Dar\u00edo Pale Xalapa, Ver.- Morena tiene \u201cuna \u00faltima oportunidad\u201d de hacer las cosas bien con la elecci\u00f3n de su dirigente estatal, as\u00ed lo se\u00f1al\u00f3 el candidato a secretario general de dicho partido, Antonio Attolini. Entrevistado en conocido caf\u00e9 del centro de Xalapa, advirti\u00f3 que si este nuevo intento fracasa se ver\u00e1n afectadas las posibilidades del [&hellip;]<\/p>\n","protected":false},"author":1,"featured_media":5788,"comment_status":"open","ping_status":"open","sticky":false,"template":"","format":"aside","meta":{"_jetpack_memberships_contains_paid_content":false,"footnotes":""},"categories":[2],"tags":[],"class_list":["post-5787","post","type-post","status-publish","format-aside","has-post-thumbnail","hentry","category-estado","post_format-post-format-aside"],"jetpack_featured_media_url":"https:\/\/encuentroinformativo.com.mx\/wp-content\/uploads\/2020\/09\/6A438022-AA68-4692-99EB-99946CCBC394.jpeg","jetpack_sharing_enabled":true,"jetpack_likes_enabled":true,"amp_enabled":true,"_links":{"self":[{"href":"https:\/\/encuentroinformativo.com.mx\/index.php?rest_route=\/wp\/v2\/posts\/5787","targetHints":{"allow":["GET"]}}],"collection":[{"href":"https:\/\/encuentroinformativo.com.mx\/index.php?rest_route=\/wp\/v2\/posts"}],"about":[{"href":"https:\/\/encuentroinformativo.com.mx\/index.php?rest_route=\/wp\/v2\/types\/post"}],"author":[{"embeddable":true,"href":"https:\/\/encuentroinformativo.com.mx\/index.php?rest_route=\/wp\/v2\/users\/1"}],"replies":[{"embeddable":true,"href":"https:\/\/encuentroinformativo.com.mx\/index.php?rest_route=%2Fwp%2Fv2%2Fcomments&post=5787"}],"version-history":[{"count":1,"href":"https:\/\/encuentroinformativo.com.mx\/index.php?rest_route=\/wp\/v2\/posts\/5787\/revisions"}],"predecessor-version":[{"id":5789,"href":"https:\/\/encuentroinformativo.com.mx\/index.php?rest_route=\/wp\/v2\/posts\/5787\/revisions\/5789"}],"wp:featuredmedia":[{"embeddable":true,"href":"https:\/\/encuentroinformativo.com.mx\/index.php?rest_route=\/wp\/v2\/media\/5788"}],"wp:attachment":[{"href":"https:\/\/encuentroinformativo.com.mx\/index.php?rest_route=%2Fwp%2Fv2%2Fmedia&parent=5787"}],"wp:term":[{"taxonomy":"category","embeddable":true,"href":"https:\/\/encuentroinformativo.com.mx\/index.php?rest_route=%2Fwp%2Fv2%2Fcategories&post=5787"},{"taxonomy":"post_tag","embeddable":true,"href":"https:\/\/encuentroinformativo.com.mx\/index.php?rest_route=%2Fwp%2Fv2%2Ftags&post=5787"}],"curies":[{"name":"wp","href":"https:\/\/api.w.org\/{rel}","templated":true}]}}