{"id":57871,"date":"2024-08-22T12:20:01","date_gmt":"2024-08-22T18:20:01","guid":{"rendered":"https:\/\/encuentroinformativo.com.mx\/?p=57871"},"modified":"2024-08-22T12:20:07","modified_gmt":"2024-08-22T18:20:07","slug":"buscan-prestadores-de-servicios-turisticos-reunion-con-nena-de-la-reguera","status":"publish","type":"post","link":"https:\/\/encuentroinformativo.com.mx\/?p=57871","title":{"rendered":"Buscan prestadores de servicios tur\u00edsticos reuni\u00f3n con &#8220;Nena&#8221; de la Reguera"},"content":{"rendered":"\n<p><strong>Alejandro \u00c1vila<\/strong><\/p>\n\n\n\n<p>Veracruz, Ver.- El sector hotelero y los prestadores de servicios tur\u00edsticos de la entidad veracruzana, pero sobre todo los de la zona conurbada Veracruz &#8211; Boca del R\u00edo, consideran necesario concretar reuniones previas con la pr\u00f3xima secretaria de Turismo, Dulce Mar\u00eda de la Reguera G\u00f3mez.<\/p>\n\n\n\n<p>&#8220;Va a haber ciertos acercamientos que son siempre muy sanos, a pesar de que todav\u00eda no est\u00e1n en funciones los nuevos secretarios o las nuevas personas que van a estar trabajando en la Secretar\u00eda de Turismo, siempre es sano que estos encuentros se empiezan a dar para que se conozcan las necesidades y se sepa de que manera se ha venido trabajando entre iniciativa privada y sector p\u00fablico, y se puede dar continuidad a lo que se ha venido trabajando de manera correcta y lo que sintamos que se necesite cambiar pues lo digamos desde ahorita. Creo que los acercamientos formales pronto van a estar iniciando, pero de momento creo que los acercamientos ya se est\u00e1n dando y esa es una noticia positiva&#8221;, manifest\u00f3, el presidente del Consejo Metropolitano de Turismo (COMETUR), Sergio Lois Heredia.<\/p>\n\n\n\n<p>El empresario hotelero mencion\u00f3 que si bien la pr\u00f3xima secretaria de turismo es nacida en el puerto de Veracruz, no significa que la regi\u00f3n &#8220;Primeros Pasos de Cort\u00e9s&#8221; tendr\u00e1 una prioridad sobre las dem\u00e1s, ya que reconoci\u00f3 las 7 regiones tur\u00edsticas de la entidad veracruzana son sumamente importantes.<\/p>\n\n\n\n<p>&#8220;El hecho de que la pr\u00f3xima titular de la Secretar\u00eda sea de regi\u00f3n &#8220;Primeros Pasos de Cort\u00e9s&#8221; no creo que traiga algo en particular que vaya a beneficiar a esta zona, la verdad, no. De por si es la zona m\u00e1s importante, dicho sea de paso, Yo creo que lo \u00fanico que puede marcar un tema m\u00e1s favorable para la zona, es que ya la domina o ya la conoce m\u00e1s que las otras zonas de Veracruz que son muy distintas, pero al final un secretario de turismo de Veracruz tiene que trabajar para las 7 regiones tur\u00edsticas&#8221;, culmin\u00f3.<\/p>\n","protected":false},"excerpt":{"rendered":"<p>Alejandro \u00c1vila Veracruz, Ver.- El sector hotelero y los prestadores de servicios tur\u00edsticos de la entidad veracruzana, pero sobre todo los de la zona conurbada Veracruz &#8211; Boca del R\u00edo, consideran necesario concretar reuniones previas con la pr\u00f3xima secretaria de Turismo, Dulce Mar\u00eda de la Reguera G\u00f3mez. &#8220;Va a haber ciertos acercamientos que son siempre [&hellip;]<\/p>\n","protected":false},"author":2476,"featured_media":57872,"comment_status":"open","ping_status":"open","sticky":false,"template":"","format":"standard","meta":{"_jetpack_memberships_contains_paid_content":false,"footnotes":""},"categories":[2],"tags":[],"class_list":["post-57871","post","type-post","status-publish","format-standard","has-post-thumbnail","hentry","category-estado"],"jetpack_featured_media_url":"https:\/\/encuentroinformativo.com.mx\/wp-content\/uploads\/2024\/08\/IMG-20240822-WA0042.jpg","jetpack_sharing_enabled":true,"jetpack_likes_enabled":true,"amp_enabled":true,"_links":{"self":[{"href":"https:\/\/encuentroinformativo.com.mx\/index.php?rest_route=\/wp\/v2\/posts\/57871","targetHints":{"allow":["GET"]}}],"collection":[{"href":"https:\/\/encuentroinformativo.com.mx\/index.php?rest_route=\/wp\/v2\/posts"}],"about":[{"href":"https:\/\/encuentroinformativo.com.mx\/index.php?rest_route=\/wp\/v2\/types\/post"}],"author":[{"embeddable":true,"href":"https:\/\/encuentroinformativo.com.mx\/index.php?rest_route=\/wp\/v2\/users\/2476"}],"replies":[{"embeddable":true,"href":"https:\/\/encuentroinformativo.com.mx\/index.php?rest_route=%2Fwp%2Fv2%2Fcomments&post=57871"}],"version-history":[{"count":1,"href":"https:\/\/encuentroinformativo.com.mx\/index.php?rest_route=\/wp\/v2\/posts\/57871\/revisions"}],"predecessor-version":[{"id":57873,"href":"https:\/\/encuentroinformativo.com.mx\/index.php?rest_route=\/wp\/v2\/posts\/57871\/revisions\/57873"}],"wp:featuredmedia":[{"embeddable":true,"href":"https:\/\/encuentroinformativo.com.mx\/index.php?rest_route=\/wp\/v2\/media\/57872"}],"wp:attachment":[{"href":"https:\/\/encuentroinformativo.com.mx\/index.php?rest_route=%2Fwp%2Fv2%2Fmedia&parent=57871"}],"wp:term":[{"taxonomy":"category","embeddable":true,"href":"https:\/\/encuentroinformativo.com.mx\/index.php?rest_route=%2Fwp%2Fv2%2Fcategories&post=57871"},{"taxonomy":"post_tag","embeddable":true,"href":"https:\/\/encuentroinformativo.com.mx\/index.php?rest_route=%2Fwp%2Fv2%2Ftags&post=57871"}],"curies":[{"name":"wp","href":"https:\/\/api.w.org\/{rel}","templated":true}]}}