{"id":57880,"date":"2024-08-22T14:25:15","date_gmt":"2024-08-22T20:25:15","guid":{"rendered":"https:\/\/encuentroinformativo.com.mx\/?p=57880"},"modified":"2024-08-22T14:25:21","modified_gmt":"2024-08-22T20:25:21","slug":"presumen-buenas-finanzas-en-ssteev","status":"publish","type":"post","link":"https:\/\/encuentroinformativo.com.mx\/?p=57880","title":{"rendered":"Presumen buenas finanzas en SSTEEV"},"content":{"rendered":"\n<p><strong>Dar\u00edo Pale <\/strong><\/p>\n\n\n\n<p>Xalapa, Ver.- El director gerente del Seguro Social de los Trabajadores de la Educaci\u00f3n del Estado de Veracruz (SSTEEV) Francisco Enrique P\u00e9rez Carre\u00f3n, destac\u00f3 que tras el trabajo realizado en los \u00faltimos cinco a\u00f1os y medio el seguro es fuerte y tiene una solidez como nunca antes la ha tenido.<\/p>\n\n\n\n<p>En entrevista se\u00f1al\u00f3 que, fue rescatado del saque\u00f3, abuso y fraude del cual fue v\u00edctima en anteriores administraciones estatales.<\/p>\n\n\n\n<p>En el marco del 80 aniversario de la promulgaci\u00f3n de la Ley No. 4 que conforma y rige al SSTEEV, P\u00e9rez Carre\u00f3n destac\u00f3 los avances que han permitido crear m\u00e1s y mejores prestaciones para los derechohabientes.\u00a0<\/p>\n\n\n\n<p>Entre los m\u00e1s importantes destac\u00f3 mejorar las condiciones en las que se situaba financieramente el pago de las medias p\u00f3lizas de retiro, las p\u00f3lizas y medias p\u00f3lizas por defunci\u00f3n.<\/p>\n\n\n\n<p>As\u00ed como la cartera vencida superior al 23 por ciento, las perdidas mensuales promedio de 350 mil pesos, y hasta 11 a\u00f1os para pago del Fondo de Beneficios Complementarios en algunos casos.\u00a0<\/p>\n\n\n\n<p>En este \u00faltimo resalt\u00f3 haber saneado las finanzas, lo que incluso permiti\u00f3 que por primera ocasi\u00f3n cuente con una reserva t\u00e9cnica de casi 10 millones de pesos.\u00a0<\/p>\n\n\n\n<p>Francisco Enrique P\u00e9rez Carre\u00f3n detall\u00f3 que diariamente el SSTEEV otorga m\u00e1s de 2.1 millones de pesos en prestaciones, resultado de una buena administraci\u00f3n y el rescate de sus finanzas.<\/p>\n","protected":false},"excerpt":{"rendered":"<p>Dar\u00edo Pale Xalapa, Ver.- El director gerente del Seguro Social de los Trabajadores de la Educaci\u00f3n del Estado de Veracruz (SSTEEV) Francisco Enrique P\u00e9rez Carre\u00f3n, destac\u00f3 que tras el trabajo realizado en los \u00faltimos cinco a\u00f1os y medio el seguro es fuerte y tiene una solidez como nunca antes la ha tenido. En entrevista se\u00f1al\u00f3 [&hellip;]<\/p>\n","protected":false},"author":2476,"featured_media":57881,"comment_status":"open","ping_status":"open","sticky":false,"template":"","format":"standard","meta":{"_jetpack_memberships_contains_paid_content":false,"footnotes":""},"categories":[2],"tags":[],"class_list":["post-57880","post","type-post","status-publish","format-standard","has-post-thumbnail","hentry","category-estado"],"jetpack_featured_media_url":"https:\/\/encuentroinformativo.com.mx\/wp-content\/uploads\/2024\/08\/IMG-20240822-WA00762.jpg","jetpack_sharing_enabled":true,"jetpack_likes_enabled":true,"amp_enabled":true,"_links":{"self":[{"href":"https:\/\/encuentroinformativo.com.mx\/index.php?rest_route=\/wp\/v2\/posts\/57880","targetHints":{"allow":["GET"]}}],"collection":[{"href":"https:\/\/encuentroinformativo.com.mx\/index.php?rest_route=\/wp\/v2\/posts"}],"about":[{"href":"https:\/\/encuentroinformativo.com.mx\/index.php?rest_route=\/wp\/v2\/types\/post"}],"author":[{"embeddable":true,"href":"https:\/\/encuentroinformativo.com.mx\/index.php?rest_route=\/wp\/v2\/users\/2476"}],"replies":[{"embeddable":true,"href":"https:\/\/encuentroinformativo.com.mx\/index.php?rest_route=%2Fwp%2Fv2%2Fcomments&post=57880"}],"version-history":[{"count":1,"href":"https:\/\/encuentroinformativo.com.mx\/index.php?rest_route=\/wp\/v2\/posts\/57880\/revisions"}],"predecessor-version":[{"id":57882,"href":"https:\/\/encuentroinformativo.com.mx\/index.php?rest_route=\/wp\/v2\/posts\/57880\/revisions\/57882"}],"wp:featuredmedia":[{"embeddable":true,"href":"https:\/\/encuentroinformativo.com.mx\/index.php?rest_route=\/wp\/v2\/media\/57881"}],"wp:attachment":[{"href":"https:\/\/encuentroinformativo.com.mx\/index.php?rest_route=%2Fwp%2Fv2%2Fmedia&parent=57880"}],"wp:term":[{"taxonomy":"category","embeddable":true,"href":"https:\/\/encuentroinformativo.com.mx\/index.php?rest_route=%2Fwp%2Fv2%2Fcategories&post=57880"},{"taxonomy":"post_tag","embeddable":true,"href":"https:\/\/encuentroinformativo.com.mx\/index.php?rest_route=%2Fwp%2Fv2%2Ftags&post=57880"}],"curies":[{"name":"wp","href":"https:\/\/api.w.org\/{rel}","templated":true}]}}