{"id":57883,"date":"2024-08-22T14:31:25","date_gmt":"2024-08-22T20:31:25","guid":{"rendered":"https:\/\/encuentroinformativo.com.mx\/?p=57883"},"modified":"2024-08-22T14:31:30","modified_gmt":"2024-08-22T20:31:30","slug":"iglesia-lista-para-recibir-reliquias-de-san-judas-tadeo-en-xalapa","status":"publish","type":"post","link":"https:\/\/encuentroinformativo.com.mx\/?p=57883","title":{"rendered":"Iglesia lista para recibir reliquias de San Judas Tadeo en Xalapa"},"content":{"rendered":"\n<p><strong>Dar\u00edo Pale<\/strong><\/p>\n\n\n\n<p>Xalapa, Ver.- Rafael Velasco Hern\u00e1ndez, coordinador arquidiocesano de la visita de la Reliquia de San Judas Tadeo, dio a conocer que este d\u00eda se llev\u00f3 a cabo una reuni\u00f3n de log\u00edstica con las autoridades competentes y la Iglesia.<\/p>\n\n\n\n<p>En entrevista inform\u00f3 que ya est\u00e1 todo listo para la llegada de la reliquia de San Judas Tadeo, los d\u00edas 6, 7 y 8 de septiembre.<\/p>\n\n\n\n<p>Tras la reuni\u00f3n con diversas autoridades y el alcalde de Xalapa, Ricardo Ahued, record\u00f3 que la reliquia estar\u00e1 tambi\u00e9n en Altotonga, Perote, Alto Lucero y Cosautl\u00e1n de Carvajal y luego la capital del Estado.<\/p>\n\n\n\n<p>Defini\u00f3 que se colocar\u00e1n vallas dentro de los templos que visitar\u00e1, tanto en la parroquia de San Judas Tadeo en la colonia Campo de Tiro, as\u00ed como en la Catedral.<\/p>\n\n\n\n<p>Asever\u00f3 que como parte de la log\u00edstica habr\u00e1 ambulancias y param\u00e9dicos, pero resalt\u00f3 que la misma reliquia trae dos equipos de servicio m\u00e9dico.<\/p>\n\n\n\n<p>&#8220;Ya est\u00e1 todo listo, nada m\u00e1s vamos a hacer revisi\u00f3n en campo, ma\u00f1ana vamos a Campo de Tiro (la parroquia) para ver la organizaci\u00f3n&#8221;, se\u00f1al\u00f3\u00a0<\/p>\n\n\n\n<p>&#8220;Habr\u00e1 quiz\u00e1 cierre de calles en lo que llega a los templos, pero como por ejemplo la reliquia estar\u00e1 dentro de Catedral, la fila que se haga saldr\u00e1 por la puerta lateral de la plaza Lerdo&#8221;, agrego.<\/p>\n\n\n\n<p>El representante cat\u00f3lico aclar\u00f3 que no est\u00e1 definido si la Catedral de Xalapa estar\u00e1 abierta las 24 horas durante los d\u00edas de visita, pero si fuera necesario s\u00ed.<\/p>\n\n\n\n<p>&#8220;De s\u00e1bado para domingo, porque el domingo la reliquia se va para Orizaba&#8221;, enfatiz\u00f3.<\/p>\n\n\n\n<p>Mencion\u00f3 que la reliquia estar\u00e1 desde las 10 de la ma\u00f1ana el s\u00e1bado y podr\u00e1n entrar a apreciarla.<br>La reliquia estar\u00e1 tres d\u00edas en Xalapa, dos en la Catedral Metropolitana y uno en la parroquia de San Judas Tadeo, en la colonia Campo de Tiro.<\/p>\n\n\n\n<p>Por \u00faltimo, se debe mencionar que en la Arquidi\u00f3cesis permanecer\u00e1 durante 7 d\u00edas, del\u00a0 lunes 2 al domingo 8 de septiembre.<\/p>\n","protected":false},"excerpt":{"rendered":"<p>Dar\u00edo Pale Xalapa, Ver.- Rafael Velasco Hern\u00e1ndez, coordinador arquidiocesano de la visita de la Reliquia de San Judas Tadeo, dio a conocer que este d\u00eda se llev\u00f3 a cabo una reuni\u00f3n de log\u00edstica con las autoridades competentes y la Iglesia. En entrevista inform\u00f3 que ya est\u00e1 todo listo para la llegada de la reliquia de [&hellip;]<\/p>\n","protected":false},"author":2476,"featured_media":57884,"comment_status":"open","ping_status":"open","sticky":false,"template":"","format":"standard","meta":{"_jetpack_memberships_contains_paid_content":false,"footnotes":""},"categories":[3],"tags":[],"class_list":["post-57883","post","type-post","status-publish","format-standard","has-post-thumbnail","hentry","category-xalapa"],"jetpack_featured_media_url":"https:\/\/encuentroinformativo.com.mx\/wp-content\/uploads\/2024\/08\/IMG-20240822-WA0088.jpg","jetpack_sharing_enabled":true,"jetpack_likes_enabled":true,"amp_enabled":true,"_links":{"self":[{"href":"https:\/\/encuentroinformativo.com.mx\/index.php?rest_route=\/wp\/v2\/posts\/57883","targetHints":{"allow":["GET"]}}],"collection":[{"href":"https:\/\/encuentroinformativo.com.mx\/index.php?rest_route=\/wp\/v2\/posts"}],"about":[{"href":"https:\/\/encuentroinformativo.com.mx\/index.php?rest_route=\/wp\/v2\/types\/post"}],"author":[{"embeddable":true,"href":"https:\/\/encuentroinformativo.com.mx\/index.php?rest_route=\/wp\/v2\/users\/2476"}],"replies":[{"embeddable":true,"href":"https:\/\/encuentroinformativo.com.mx\/index.php?rest_route=%2Fwp%2Fv2%2Fcomments&post=57883"}],"version-history":[{"count":1,"href":"https:\/\/encuentroinformativo.com.mx\/index.php?rest_route=\/wp\/v2\/posts\/57883\/revisions"}],"predecessor-version":[{"id":57885,"href":"https:\/\/encuentroinformativo.com.mx\/index.php?rest_route=\/wp\/v2\/posts\/57883\/revisions\/57885"}],"wp:featuredmedia":[{"embeddable":true,"href":"https:\/\/encuentroinformativo.com.mx\/index.php?rest_route=\/wp\/v2\/media\/57884"}],"wp:attachment":[{"href":"https:\/\/encuentroinformativo.com.mx\/index.php?rest_route=%2Fwp%2Fv2%2Fmedia&parent=57883"}],"wp:term":[{"taxonomy":"category","embeddable":true,"href":"https:\/\/encuentroinformativo.com.mx\/index.php?rest_route=%2Fwp%2Fv2%2Fcategories&post=57883"},{"taxonomy":"post_tag","embeddable":true,"href":"https:\/\/encuentroinformativo.com.mx\/index.php?rest_route=%2Fwp%2Fv2%2Ftags&post=57883"}],"curies":[{"name":"wp","href":"https:\/\/api.w.org\/{rel}","templated":true}]}}