{"id":57886,"date":"2024-08-22T14:41:38","date_gmt":"2024-08-22T20:41:38","guid":{"rendered":"https:\/\/encuentroinformativo.com.mx\/?p=57886"},"modified":"2024-08-22T14:41:43","modified_gmt":"2024-08-22T20:41:43","slug":"gobernador-pidio-mas-tiempo-para-sumarse-al-gobierno-federal","status":"publish","type":"post","link":"https:\/\/encuentroinformativo.com.mx\/?p=57886","title":{"rendered":"Gobernador pidi\u00f3 m\u00e1s tiempo para sumarse al Gobierno Federal"},"content":{"rendered":"\n<p><strong>Dar\u00edo Pale <\/strong><\/p>\n\n\n\n<p>Xalapa, Ver.- Que siempre no se va el Gobernador le pidi\u00f3 a Claudia Sheinbaum que le permitiera concluir hasta diciembre para incorporarse al gabinete, le qued\u00f3 pendiente la Secretaria del Mar.<\/p>\n\n\n\n<p>En entrevista en televisora estatal, el gobernador Cuitl\u00e1huac Garc\u00eda Jim\u00e9nez, inform\u00f3 que solicit\u00f3 &#8220;un poco de tiempo&#8221; a la presidenta electa Claudia Sheinbaum Pardo, antes de incorporarse a la direcci\u00f3n general\u00a0 de la Comisi\u00f3n Nacional para el uso eficiente de energ\u00edas (CONAUEE).<\/p>\n\n\n\n<p>&#8220;La presidenta tiene la palabra porque eso ped\u00ed un poco de tiempo,\u00a0 porque quiero entregar cosas, por ejemplo en Septiembre vamos a entregar varias cosas importantes y quiero que nos den ese tiempo y lo que hemos visto es que la presidenta est\u00e1 arrancando con todo&#8221;, se\u00f1al\u00f3.<\/p>\n\n\n\n<p>El gobernador Cuitl\u00e1huac Garc\u00eda Jim\u00e9nez, fue cuestionado acerca de la solicitud de licencia.<\/p>\n\n\n\n<p>Sin abundar en detalles, explic\u00f3 que ser\u00e1 la presidenta electa Claudia Sheinbaum Pardo la que tenga la \u00faltima palabra.<\/p>\n\n\n\n<p>En otro tema, precis\u00f3 que uno de los proyectos que no se pudo concretar fue la creaci\u00f3n de la Secretaria del Mar.<\/p>\n\n\n\n<p>Finalmente se\u00f1al\u00f3 que, &#8220;la hab\u00eda anunciado. Era la intenci\u00f3n de unir dos direcciones una que est\u00e1 en SEDECOP y otra en la SEDARPA unirlas y que tanto puertos como pesca estuvieran en una sola direcci\u00f3n.&#8221;<\/p>\n","protected":false},"excerpt":{"rendered":"<p>Dar\u00edo Pale Xalapa, Ver.- Que siempre no se va el Gobernador le pidi\u00f3 a Claudia Sheinbaum que le permitiera concluir hasta diciembre para incorporarse al gabinete, le qued\u00f3 pendiente la Secretaria del Mar. En entrevista en televisora estatal, el gobernador Cuitl\u00e1huac Garc\u00eda Jim\u00e9nez, inform\u00f3 que solicit\u00f3 &#8220;un poco de tiempo&#8221; a la presidenta electa Claudia [&hellip;]<\/p>\n","protected":false},"author":2476,"featured_media":57887,"comment_status":"open","ping_status":"open","sticky":false,"template":"","format":"standard","meta":{"_jetpack_memberships_contains_paid_content":false,"footnotes":""},"categories":[2],"tags":[],"class_list":["post-57886","post","type-post","status-publish","format-standard","has-post-thumbnail","hentry","category-estado"],"jetpack_featured_media_url":"https:\/\/encuentroinformativo.com.mx\/wp-content\/uploads\/2024\/08\/IMG-20240822-WA0094.jpg","jetpack_sharing_enabled":true,"jetpack_likes_enabled":true,"amp_enabled":true,"_links":{"self":[{"href":"https:\/\/encuentroinformativo.com.mx\/index.php?rest_route=\/wp\/v2\/posts\/57886","targetHints":{"allow":["GET"]}}],"collection":[{"href":"https:\/\/encuentroinformativo.com.mx\/index.php?rest_route=\/wp\/v2\/posts"}],"about":[{"href":"https:\/\/encuentroinformativo.com.mx\/index.php?rest_route=\/wp\/v2\/types\/post"}],"author":[{"embeddable":true,"href":"https:\/\/encuentroinformativo.com.mx\/index.php?rest_route=\/wp\/v2\/users\/2476"}],"replies":[{"embeddable":true,"href":"https:\/\/encuentroinformativo.com.mx\/index.php?rest_route=%2Fwp%2Fv2%2Fcomments&post=57886"}],"version-history":[{"count":1,"href":"https:\/\/encuentroinformativo.com.mx\/index.php?rest_route=\/wp\/v2\/posts\/57886\/revisions"}],"predecessor-version":[{"id":57888,"href":"https:\/\/encuentroinformativo.com.mx\/index.php?rest_route=\/wp\/v2\/posts\/57886\/revisions\/57888"}],"wp:featuredmedia":[{"embeddable":true,"href":"https:\/\/encuentroinformativo.com.mx\/index.php?rest_route=\/wp\/v2\/media\/57887"}],"wp:attachment":[{"href":"https:\/\/encuentroinformativo.com.mx\/index.php?rest_route=%2Fwp%2Fv2%2Fmedia&parent=57886"}],"wp:term":[{"taxonomy":"category","embeddable":true,"href":"https:\/\/encuentroinformativo.com.mx\/index.php?rest_route=%2Fwp%2Fv2%2Fcategories&post=57886"},{"taxonomy":"post_tag","embeddable":true,"href":"https:\/\/encuentroinformativo.com.mx\/index.php?rest_route=%2Fwp%2Fv2%2Ftags&post=57886"}],"curies":[{"name":"wp","href":"https:\/\/api.w.org\/{rel}","templated":true}]}}