{"id":57893,"date":"2024-08-22T16:52:26","date_gmt":"2024-08-22T22:52:26","guid":{"rendered":"https:\/\/encuentroinformativo.com.mx\/?p=57893"},"modified":"2024-08-22T16:52:33","modified_gmt":"2024-08-22T22:52:33","slug":"en-riesgo-de-quedarse-sin-clases-en-telesecundaria-de-camaron-de-tejeda","status":"publish","type":"post","link":"https:\/\/encuentroinformativo.com.mx\/?p=57893","title":{"rendered":"En riesgo, de quedarse sin clases en telesecundaria de Camar\u00f3n de Tejeda"},"content":{"rendered":"\n<p><strong>Dar\u00edo Pale <\/strong><\/p>\n\n\n\n<p>Xalapa, Ver.- En la localidad de Mata de Agua del municipio de Camar\u00f3n de Tejeda, est\u00e1 en riesgo de no iniciar clases este pr\u00f3ximo lunes el periodo escolar 2024-2025, debido a conflictos con docentes de la escuela Telesecundaria Margarita Maza de Ju\u00e1rez con\u00a0 lo cual unos 50 alumnos se ver\u00e1n afectados.<\/p>\n\n\n\n<p>En conferencia de prensa, Ericka Farf\u00e1n C\u00e1ceres, delegada regional de la Asociaci\u00f3n Nacional de Padres de Familia (ANPF), dio a conocer que por problemas personales, provocados por el profesor Rogelio Omar Ju\u00e1rez, la jefa de sector Edith Barrera Joach\u00edn, prefiri\u00f3 brindarle protecci\u00f3n y poner a disposici\u00f3n a los otros dos docentes que no tuvieron culpa alguna de lo que ocurri\u00f3 en el plantel.<\/p>\n\n\n\n<p>&#8220;Nuestra queja es que nos est\u00e1n dejando sin maestros que pretenden que nuestros hijos est\u00e9n sin educaci\u00f3n, porque la Jefa de Sector retir\u00f3 a los maestros que ten\u00edamos por un conflicto entre ellos y nos dejaron el agresor.\u00a0 A ese maestro no lo queremos&#8221;, se\u00f1al\u00f3.<\/p>\n\n\n\n<p>Explic\u00f3 que el problema suscitado entre los docentes es personal y \u00e9l est\u00e1 tratando de manipular a los alumnos y padres de familia y el conflicto lo hicieron m\u00e1s grande, afectando a quien es cursan sus estudios en la telesecundaria y a los de nuevo ingreso.<\/p>\n\n\n\n<p>El maestro que propici\u00f3 el conflicto tiene m\u00e1s de 30 a\u00f1os dando clases en esa escuela y est\u00e1 acostumbrado que maestro que no le cae bien o tiene problemas con el, empieza a manipular a los alumnos y a los padres de familia para sacarlos de la escuela.<\/p>\n\n\n\n<p>Por \u00faltimo, pidieron la intervenci\u00f3n del secretario de Educaci\u00f3n de Veracruz (SEV), V\u00edctor Emmanuel Vargas Barrientos, ponga un hasta aqu\u00ed y acabe con este problema enviando a nuevos maestros.<\/p>\n","protected":false},"excerpt":{"rendered":"<p>Dar\u00edo Pale Xalapa, Ver.- En la localidad de Mata de Agua del municipio de Camar\u00f3n de Tejeda, est\u00e1 en riesgo de no iniciar clases este pr\u00f3ximo lunes el periodo escolar 2024-2025, debido a conflictos con docentes de la escuela Telesecundaria Margarita Maza de Ju\u00e1rez con\u00a0 lo cual unos 50 alumnos se ver\u00e1n afectados. En conferencia [&hellip;]<\/p>\n","protected":false},"author":2476,"featured_media":57894,"comment_status":"open","ping_status":"open","sticky":false,"template":"","format":"standard","meta":{"_jetpack_memberships_contains_paid_content":false,"footnotes":""},"categories":[2],"tags":[],"class_list":["post-57893","post","type-post","status-publish","format-standard","has-post-thumbnail","hentry","category-estado"],"jetpack_featured_media_url":"https:\/\/encuentroinformativo.com.mx\/wp-content\/uploads\/2024\/08\/IMG-20240822-WA0201.jpg","jetpack_sharing_enabled":true,"jetpack_likes_enabled":true,"amp_enabled":true,"_links":{"self":[{"href":"https:\/\/encuentroinformativo.com.mx\/index.php?rest_route=\/wp\/v2\/posts\/57893","targetHints":{"allow":["GET"]}}],"collection":[{"href":"https:\/\/encuentroinformativo.com.mx\/index.php?rest_route=\/wp\/v2\/posts"}],"about":[{"href":"https:\/\/encuentroinformativo.com.mx\/index.php?rest_route=\/wp\/v2\/types\/post"}],"author":[{"embeddable":true,"href":"https:\/\/encuentroinformativo.com.mx\/index.php?rest_route=\/wp\/v2\/users\/2476"}],"replies":[{"embeddable":true,"href":"https:\/\/encuentroinformativo.com.mx\/index.php?rest_route=%2Fwp%2Fv2%2Fcomments&post=57893"}],"version-history":[{"count":1,"href":"https:\/\/encuentroinformativo.com.mx\/index.php?rest_route=\/wp\/v2\/posts\/57893\/revisions"}],"predecessor-version":[{"id":57895,"href":"https:\/\/encuentroinformativo.com.mx\/index.php?rest_route=\/wp\/v2\/posts\/57893\/revisions\/57895"}],"wp:featuredmedia":[{"embeddable":true,"href":"https:\/\/encuentroinformativo.com.mx\/index.php?rest_route=\/wp\/v2\/media\/57894"}],"wp:attachment":[{"href":"https:\/\/encuentroinformativo.com.mx\/index.php?rest_route=%2Fwp%2Fv2%2Fmedia&parent=57893"}],"wp:term":[{"taxonomy":"category","embeddable":true,"href":"https:\/\/encuentroinformativo.com.mx\/index.php?rest_route=%2Fwp%2Fv2%2Fcategories&post=57893"},{"taxonomy":"post_tag","embeddable":true,"href":"https:\/\/encuentroinformativo.com.mx\/index.php?rest_route=%2Fwp%2Fv2%2Ftags&post=57893"}],"curies":[{"name":"wp","href":"https:\/\/api.w.org\/{rel}","templated":true}]}}