{"id":57911,"date":"2024-08-23T12:18:28","date_gmt":"2024-08-23T18:18:28","guid":{"rendered":"https:\/\/encuentroinformativo.com.mx\/?p=57911"},"modified":"2024-08-23T12:18:34","modified_gmt":"2024-08-23T18:18:34","slug":"en-alvarado-reciben-bomberos-y-proteccion-civil-reconocimientos","status":"publish","type":"post","link":"https:\/\/encuentroinformativo.com.mx\/?p=57911","title":{"rendered":"En Alvarado, reciben Bomberos y Protecci\u00f3n Civil reconocimientos"},"content":{"rendered":"\n<p><strong>Alejandro \u00c1vila<\/strong><\/p>\n\n\n\n<p>Alvarado, Ver.- Elementos de Protecci\u00f3n Civil y Bomberos de Alvarado fueron reconocidos este jueves 22 de agosto en el D\u00eda Nacional del Bombero por parte de la alcaldesa, Lizette \u00c1lvarez Vera.<\/p>\n\n\n\n<p>Previo al evento hubo un desfile de las unidades que ayudan a combatir los siniestros por las principales calles de la ciudad hasta llegar al Palacio Municipal, posteriormente se hizo un convivio en la base de Bomberos de Alvarado.<\/p>\n\n\n\n<p>Cabe destacar que ambas corporaciones, adem\u00e1s de combatir los siniestros y brindar apoyo en accidentes en el extenso territorio del municipio de Alvarado, extienden su labor a localidades cercanas como Saltabarranca, Lerdo de Tejada y, en algunos casos, hasta Tlalixcoyan.<\/p>\n\n\n\n<p>De forma com\u00fan tambi\u00e9n auxilian en los accidentes automovil\u00edsticos que se dan sobre la carretera federal 180, ellos fungen como primero respondientes hasta que los elementos de la Guardia Nacional llegan al sitio.<\/p>\n","protected":false},"excerpt":{"rendered":"<p>Alejandro \u00c1vila Alvarado, Ver.- Elementos de Protecci\u00f3n Civil y Bomberos de Alvarado fueron reconocidos este jueves 22 de agosto en el D\u00eda Nacional del Bombero por parte de la alcaldesa, Lizette \u00c1lvarez Vera. Previo al evento hubo un desfile de las unidades que ayudan a combatir los siniestros por las principales calles de la ciudad [&hellip;]<\/p>\n","protected":false},"author":2476,"featured_media":57912,"comment_status":"open","ping_status":"open","sticky":false,"template":"","format":"standard","meta":{"_jetpack_memberships_contains_paid_content":false,"footnotes":""},"categories":[2],"tags":[],"class_list":["post-57911","post","type-post","status-publish","format-standard","has-post-thumbnail","hentry","category-estado"],"jetpack_featured_media_url":"https:\/\/encuentroinformativo.com.mx\/wp-content\/uploads\/2024\/08\/IMG-20240823-WA00162.jpg","jetpack_sharing_enabled":true,"jetpack_likes_enabled":true,"amp_enabled":true,"_links":{"self":[{"href":"https:\/\/encuentroinformativo.com.mx\/index.php?rest_route=\/wp\/v2\/posts\/57911","targetHints":{"allow":["GET"]}}],"collection":[{"href":"https:\/\/encuentroinformativo.com.mx\/index.php?rest_route=\/wp\/v2\/posts"}],"about":[{"href":"https:\/\/encuentroinformativo.com.mx\/index.php?rest_route=\/wp\/v2\/types\/post"}],"author":[{"embeddable":true,"href":"https:\/\/encuentroinformativo.com.mx\/index.php?rest_route=\/wp\/v2\/users\/2476"}],"replies":[{"embeddable":true,"href":"https:\/\/encuentroinformativo.com.mx\/index.php?rest_route=%2Fwp%2Fv2%2Fcomments&post=57911"}],"version-history":[{"count":1,"href":"https:\/\/encuentroinformativo.com.mx\/index.php?rest_route=\/wp\/v2\/posts\/57911\/revisions"}],"predecessor-version":[{"id":57913,"href":"https:\/\/encuentroinformativo.com.mx\/index.php?rest_route=\/wp\/v2\/posts\/57911\/revisions\/57913"}],"wp:featuredmedia":[{"embeddable":true,"href":"https:\/\/encuentroinformativo.com.mx\/index.php?rest_route=\/wp\/v2\/media\/57912"}],"wp:attachment":[{"href":"https:\/\/encuentroinformativo.com.mx\/index.php?rest_route=%2Fwp%2Fv2%2Fmedia&parent=57911"}],"wp:term":[{"taxonomy":"category","embeddable":true,"href":"https:\/\/encuentroinformativo.com.mx\/index.php?rest_route=%2Fwp%2Fv2%2Fcategories&post=57911"},{"taxonomy":"post_tag","embeddable":true,"href":"https:\/\/encuentroinformativo.com.mx\/index.php?rest_route=%2Fwp%2Fv2%2Ftags&post=57911"}],"curies":[{"name":"wp","href":"https:\/\/api.w.org\/{rel}","templated":true}]}}