{"id":57914,"date":"2024-08-23T12:22:10","date_gmt":"2024-08-23T18:22:10","guid":{"rendered":"https:\/\/encuentroinformativo.com.mx\/?p=57914"},"modified":"2024-08-23T12:22:21","modified_gmt":"2024-08-23T18:22:21","slug":"empresario-entrega-listas-de-utiles-escolares-gratuita-en-medellin-de-bravo","status":"publish","type":"post","link":"https:\/\/encuentroinformativo.com.mx\/?p=57914","title":{"rendered":"Empresario entrega listas de \u00fatiles escolares gratuita en Medell\u00edn de Bravo"},"content":{"rendered":"\n<p><strong>Alejandro \u00c1vila<\/strong><\/p>\n\n\n\n<p>Medell\u00edn de Bravo, Ver.- De forma gratuita y por tercer a\u00f1o consecutivo, el empresario, Guillermo Herrada Jim\u00e9nez, entreg\u00f3 listas de \u00fatiles escolares a estudiantes del municipio de Medell\u00edn de Bravo.<\/p>\n\n\n\n<p>Consiente de la situaci\u00f3n econ\u00f3mica actual que atraviesa nuestro pa\u00eds, Memo Herrada, sum\u00f3 su granito de arena de decenas de hogares en Medell\u00edn, surtiendo las listas escolares completas y de manera gratuita a peque\u00f1os y j\u00f3venes que est\u00e1n por ingresar a clases en este ciclo escolar 2024-2025.<\/p>\n\n\n\n<p>Estos apoyos son constantes, y aclar\u00f3 que no se necesita que sean tiempos electorales, pues las necesidades en los hogares medellinenses son diarias, por ello el compromiso de seguir apoyando.<\/p>\n\n\n\n<p>Las escuelas beneficiadas fueron la Jean Piaget del Tejar, Adolfo Ruiz Cortines del Copital, Marco Antonio Mu\u00f1oz del Cedral, Gabriel Garc\u00eda M\u00e1rquez de Arboledas San Miguel, Lucio Gallardo de Paso del<br>Toro, Ignacio Manuel Altamirano del Tejar, Enrique Rebsamen de los Robles, Vicente Guerrero del Atrancon, Juan Zilli Bernardi de arboledas San Miguel y la Angela Peralta del Tejar, quienes durante las clausuras de su ciclo escolar anterior, invitaron a Herrada Jim\u00e9nez a ser parte de tan importante momento fungiendo como Padrino de Generaci\u00f3n.<\/p>\n\n\n\n<p>\u201cLe damos las gracias al Licenciado Herrada, por habernos apoyado con los \u00fatiles escolares y adem\u00e1s haber contado con su presencia en nuestra graduaci\u00f3n\u201d, manifest\u00f3 la se\u00f1ora Sandra Herrera, madre de familia beneficiada del Jard\u00edn de Ni\u00f1os Juan Zilli de Bernardi de Arboledas San Miguel.<\/p>\n","protected":false},"excerpt":{"rendered":"<p>Alejandro \u00c1vila Medell\u00edn de Bravo, Ver.- De forma gratuita y por tercer a\u00f1o consecutivo, el empresario, Guillermo Herrada Jim\u00e9nez, entreg\u00f3 listas de \u00fatiles escolares a estudiantes del municipio de Medell\u00edn de Bravo. Consiente de la situaci\u00f3n econ\u00f3mica actual que atraviesa nuestro pa\u00eds, Memo Herrada, sum\u00f3 su granito de arena de decenas de hogares en Medell\u00edn, [&hellip;]<\/p>\n","protected":false},"author":2476,"featured_media":57915,"comment_status":"open","ping_status":"open","sticky":false,"template":"","format":"standard","meta":{"_jetpack_memberships_contains_paid_content":false,"footnotes":""},"categories":[2],"tags":[],"class_list":["post-57914","post","type-post","status-publish","format-standard","has-post-thumbnail","hentry","category-estado"],"jetpack_featured_media_url":"https:\/\/encuentroinformativo.com.mx\/wp-content\/uploads\/2024\/08\/IMG-20240823-WA0023.jpg","jetpack_sharing_enabled":true,"jetpack_likes_enabled":true,"amp_enabled":true,"_links":{"self":[{"href":"https:\/\/encuentroinformativo.com.mx\/index.php?rest_route=\/wp\/v2\/posts\/57914","targetHints":{"allow":["GET"]}}],"collection":[{"href":"https:\/\/encuentroinformativo.com.mx\/index.php?rest_route=\/wp\/v2\/posts"}],"about":[{"href":"https:\/\/encuentroinformativo.com.mx\/index.php?rest_route=\/wp\/v2\/types\/post"}],"author":[{"embeddable":true,"href":"https:\/\/encuentroinformativo.com.mx\/index.php?rest_route=\/wp\/v2\/users\/2476"}],"replies":[{"embeddable":true,"href":"https:\/\/encuentroinformativo.com.mx\/index.php?rest_route=%2Fwp%2Fv2%2Fcomments&post=57914"}],"version-history":[{"count":1,"href":"https:\/\/encuentroinformativo.com.mx\/index.php?rest_route=\/wp\/v2\/posts\/57914\/revisions"}],"predecessor-version":[{"id":57916,"href":"https:\/\/encuentroinformativo.com.mx\/index.php?rest_route=\/wp\/v2\/posts\/57914\/revisions\/57916"}],"wp:featuredmedia":[{"embeddable":true,"href":"https:\/\/encuentroinformativo.com.mx\/index.php?rest_route=\/wp\/v2\/media\/57915"}],"wp:attachment":[{"href":"https:\/\/encuentroinformativo.com.mx\/index.php?rest_route=%2Fwp%2Fv2%2Fmedia&parent=57914"}],"wp:term":[{"taxonomy":"category","embeddable":true,"href":"https:\/\/encuentroinformativo.com.mx\/index.php?rest_route=%2Fwp%2Fv2%2Fcategories&post=57914"},{"taxonomy":"post_tag","embeddable":true,"href":"https:\/\/encuentroinformativo.com.mx\/index.php?rest_route=%2Fwp%2Fv2%2Ftags&post=57914"}],"curies":[{"name":"wp","href":"https:\/\/api.w.org\/{rel}","templated":true}]}}