{"id":57920,"date":"2024-08-23T12:43:12","date_gmt":"2024-08-23T18:43:12","guid":{"rendered":"https:\/\/encuentroinformativo.com.mx\/?p=57920"},"modified":"2024-08-23T12:43:18","modified_gmt":"2024-08-23T18:43:18","slug":"mutev-se-mantiene-abierto-al-dialogo-afirma-dirigente","status":"publish","type":"post","link":"https:\/\/encuentroinformativo.com.mx\/?p=57920","title":{"rendered":"MUTEV se mantiene abierto al di\u00e1logo, afirma dirigente"},"content":{"rendered":"\n<p><strong>Dar\u00edo Pale <\/strong><\/p>\n\n\n\n<p>Xalapa, Ver.- El Secretario General del Magisterio Unido por la Transformaci\u00f3n de la Educaci\u00f3n de Veracruz (MUTEV), Francisco Javier Gonz\u00e1lez Villag\u00f3mez dio a conocer que, manifiestan por la calidad de vida del magisterio y reconocen el trabajo asalariado como un derecho individual para continuar con el desarrollo personal y profesional<\/p>\n\n\n\n<p>En entrevista se\u00f1al\u00f3 que son un sindicato de di\u00e1logo, pero pueden haber cosas con las cuales no est\u00e9n de acuerdo, por lo que toman decisiones importantes en pie de lucha pero siempre est\u00e1n dispuestos al di\u00e1logo.<\/p>\n\n\n\n<p>&#8220;Podemos tener enfrente a una autoridad que sea sensible a las necesidades del magisterio Veracruzano&#8221;, se\u00f1al\u00f3.<\/p>\n\n\n\n<p>Se pronunci\u00f3 a favor de los valores, el respeto y vigencia de los derechos humanos a favor del gremio de los trabajadores de la educaci\u00f3n, por lo que se refrendan en contra de la discriminaci\u00f3n, el autoritarismo la corrupci\u00f3n y la arbitrariedad.<\/p>\n\n\n\n<p>Como magisterio se manifiestan por la calidad de vida del magisterio y reconocen el trabajo asalariado como un derecho individual para continuar con el desarrollo personal y profesional.<\/p>\n\n\n\n<p>Finalmente se\u00f1al\u00f3 que el MUTEV se proclama por la actualizaci\u00f3n docente responsable que procurar\u00e1 el fortalecimiento de la identidad de la educaci\u00f3n p\u00fablica y de esa forma elevar\u00e1 el desempe\u00f1o laboral de sus agremiados.<\/p>\n","protected":false},"excerpt":{"rendered":"<p>Dar\u00edo Pale Xalapa, Ver.- El Secretario General del Magisterio Unido por la Transformaci\u00f3n de la Educaci\u00f3n de Veracruz (MUTEV), Francisco Javier Gonz\u00e1lez Villag\u00f3mez dio a conocer que, manifiestan por la calidad de vida del magisterio y reconocen el trabajo asalariado como un derecho individual para continuar con el desarrollo personal y profesional En entrevista se\u00f1al\u00f3 [&hellip;]<\/p>\n","protected":false},"author":2476,"featured_media":57921,"comment_status":"open","ping_status":"open","sticky":false,"template":"","format":"standard","meta":{"_jetpack_memberships_contains_paid_content":false,"footnotes":""},"categories":[2],"tags":[],"class_list":["post-57920","post","type-post","status-publish","format-standard","has-post-thumbnail","hentry","category-estado"],"jetpack_featured_media_url":"https:\/\/encuentroinformativo.com.mx\/wp-content\/uploads\/2024\/08\/IMG-20240823-WA0021.jpg","jetpack_sharing_enabled":true,"jetpack_likes_enabled":true,"amp_enabled":true,"_links":{"self":[{"href":"https:\/\/encuentroinformativo.com.mx\/index.php?rest_route=\/wp\/v2\/posts\/57920","targetHints":{"allow":["GET"]}}],"collection":[{"href":"https:\/\/encuentroinformativo.com.mx\/index.php?rest_route=\/wp\/v2\/posts"}],"about":[{"href":"https:\/\/encuentroinformativo.com.mx\/index.php?rest_route=\/wp\/v2\/types\/post"}],"author":[{"embeddable":true,"href":"https:\/\/encuentroinformativo.com.mx\/index.php?rest_route=\/wp\/v2\/users\/2476"}],"replies":[{"embeddable":true,"href":"https:\/\/encuentroinformativo.com.mx\/index.php?rest_route=%2Fwp%2Fv2%2Fcomments&post=57920"}],"version-history":[{"count":1,"href":"https:\/\/encuentroinformativo.com.mx\/index.php?rest_route=\/wp\/v2\/posts\/57920\/revisions"}],"predecessor-version":[{"id":57922,"href":"https:\/\/encuentroinformativo.com.mx\/index.php?rest_route=\/wp\/v2\/posts\/57920\/revisions\/57922"}],"wp:featuredmedia":[{"embeddable":true,"href":"https:\/\/encuentroinformativo.com.mx\/index.php?rest_route=\/wp\/v2\/media\/57921"}],"wp:attachment":[{"href":"https:\/\/encuentroinformativo.com.mx\/index.php?rest_route=%2Fwp%2Fv2%2Fmedia&parent=57920"}],"wp:term":[{"taxonomy":"category","embeddable":true,"href":"https:\/\/encuentroinformativo.com.mx\/index.php?rest_route=%2Fwp%2Fv2%2Fcategories&post=57920"},{"taxonomy":"post_tag","embeddable":true,"href":"https:\/\/encuentroinformativo.com.mx\/index.php?rest_route=%2Fwp%2Fv2%2Ftags&post=57920"}],"curies":[{"name":"wp","href":"https:\/\/api.w.org\/{rel}","templated":true}]}}