{"id":57926,"date":"2024-08-23T13:46:23","date_gmt":"2024-08-23T19:46:23","guid":{"rendered":"https:\/\/encuentroinformativo.com.mx\/?p=57926"},"modified":"2024-08-23T13:46:29","modified_gmt":"2024-08-23T19:46:29","slug":"respaldan-organizaciones-civiles-paro-en-poder-judicial","status":"publish","type":"post","link":"https:\/\/encuentroinformativo.com.mx\/?p=57926","title":{"rendered":"Respaldan organizaciones civiles &#8220;paro&#8221; en Poder Judicial"},"content":{"rendered":"\n<p><strong>Dar\u00edo Pale <\/strong><\/p>\n\n\n\n<p>Xalapa Ver.- M\u00e1s de 35 organizaciones civiles apoyan paro de Poder Judicial Federal, por lo que se suman al paro de labores para apoyar el respeto a los derechos de los trabajadores, pero tambi\u00e9n para defender la democracia.<\/p>\n\n\n\n<p>En conferencia de prensa, abogados y m\u00e1s de 35 organizaciones de la sociedad civil, expresaron su apoyo al paro de labores de trabajadores y magistrados del Poder Judicial Federal.<\/p>\n\n\n\n<p>Jonhy Archer reconoci\u00f3, a nombre de todos, el esfuerzo de los trabajadores quienes en un acto &#8220;heroico&#8221; a favor de la sociedad mexicana y el Estado de Derecho, decidieron irse a un paro indefinido de labores, en protesta por la reforma judicial.<\/p>\n\n\n\n<p>Critic\u00f3 que la reforma busque proclamar un poder absoluto sin respeto a la soberan\u00eda y la divisi\u00f3n de poderes en M\u00e9xico.<\/p>\n\n\n\n<p>Las organizaciones ciudadanas consideran que la reforma que se pretende aprobar atenta contra los derechos de los trabajadores y cancela la carrera judicial, adem\u00e1s, representa un asedio a la divisi\u00f3n de poderes y al proceso de impartici\u00f3n de justicia que debe ser aut\u00f3nomo, imparcial y estar al margen de los intereses pol\u00edticos facciosos.<\/p>\n\n\n\n<p>Asimismo, el abogado extern\u00f3 que las organizaciones est\u00e1n en contra de la sobrerrepresentaci\u00f3n que se pretende ejercer en el Congreso de la Uni\u00f3n.<\/p>\n\n\n\n<p>Opin\u00f3 que al buscar la mayor\u00eda calificada buscan aprobar diversas reformas, entre ellas la reforma al Poder Judicial Federal.<\/p>\n\n\n\n<p>&#8220;Las organizaciones expresamos nuestro respaldo y nos sumamos a la protesta nacional emprendida desde el Poder Judicial de la Federaci\u00f3n, en defensa de nuestros derechos constitucionales, pol\u00edticos y ciudadanos&#8221;, se\u00f1al\u00f3.<\/p>\n\n\n\n<p>El litigante abund\u00f3 que se trata de m\u00e1s de 35 organizaciones de la sociedad civil, de abogados, barras y colegios, entre otros organismos.<\/p>\n\n\n\n<p>Finalmente, expres\u00f3 que esto m\u00e1s que ser una defensa de los derechos de los trabajadores, se trata de la defensa de la democracia y la defensa de la patria.<\/p>\n","protected":false},"excerpt":{"rendered":"<p>Dar\u00edo Pale Xalapa Ver.- M\u00e1s de 35 organizaciones civiles apoyan paro de Poder Judicial Federal, por lo que se suman al paro de labores para apoyar el respeto a los derechos de los trabajadores, pero tambi\u00e9n para defender la democracia. En conferencia de prensa, abogados y m\u00e1s de 35 organizaciones de la sociedad civil, expresaron [&hellip;]<\/p>\n","protected":false},"author":2476,"featured_media":57927,"comment_status":"open","ping_status":"open","sticky":false,"template":"","format":"standard","meta":{"_jetpack_memberships_contains_paid_content":false,"footnotes":""},"categories":[3],"tags":[],"class_list":["post-57926","post","type-post","status-publish","format-standard","has-post-thumbnail","hentry","category-xalapa"],"jetpack_featured_media_url":"https:\/\/encuentroinformativo.com.mx\/wp-content\/uploads\/2024\/08\/IMG-20240823-WA0037.jpg","jetpack_sharing_enabled":true,"jetpack_likes_enabled":true,"amp_enabled":true,"_links":{"self":[{"href":"https:\/\/encuentroinformativo.com.mx\/index.php?rest_route=\/wp\/v2\/posts\/57926","targetHints":{"allow":["GET"]}}],"collection":[{"href":"https:\/\/encuentroinformativo.com.mx\/index.php?rest_route=\/wp\/v2\/posts"}],"about":[{"href":"https:\/\/encuentroinformativo.com.mx\/index.php?rest_route=\/wp\/v2\/types\/post"}],"author":[{"embeddable":true,"href":"https:\/\/encuentroinformativo.com.mx\/index.php?rest_route=\/wp\/v2\/users\/2476"}],"replies":[{"embeddable":true,"href":"https:\/\/encuentroinformativo.com.mx\/index.php?rest_route=%2Fwp%2Fv2%2Fcomments&post=57926"}],"version-history":[{"count":1,"href":"https:\/\/encuentroinformativo.com.mx\/index.php?rest_route=\/wp\/v2\/posts\/57926\/revisions"}],"predecessor-version":[{"id":57928,"href":"https:\/\/encuentroinformativo.com.mx\/index.php?rest_route=\/wp\/v2\/posts\/57926\/revisions\/57928"}],"wp:featuredmedia":[{"embeddable":true,"href":"https:\/\/encuentroinformativo.com.mx\/index.php?rest_route=\/wp\/v2\/media\/57927"}],"wp:attachment":[{"href":"https:\/\/encuentroinformativo.com.mx\/index.php?rest_route=%2Fwp%2Fv2%2Fmedia&parent=57926"}],"wp:term":[{"taxonomy":"category","embeddable":true,"href":"https:\/\/encuentroinformativo.com.mx\/index.php?rest_route=%2Fwp%2Fv2%2Fcategories&post=57926"},{"taxonomy":"post_tag","embeddable":true,"href":"https:\/\/encuentroinformativo.com.mx\/index.php?rest_route=%2Fwp%2Fv2%2Ftags&post=57926"}],"curies":[{"name":"wp","href":"https:\/\/api.w.org\/{rel}","templated":true}]}}