{"id":5793,"date":"2020-09-12T15:05:18","date_gmt":"2020-09-12T20:05:18","guid":{"rendered":"https:\/\/encuentroinformativo.com.mx\/?p=5793"},"modified":"2020-09-12T15:05:22","modified_gmt":"2020-09-12T20:05:22","slug":"sin-fecha-para-retorno-a-clases-presenciales-sev","status":"publish","type":"post","link":"https:\/\/encuentroinformativo.com.mx\/?p=5793","title":{"rendered":"Sin fecha para retorno a clases presenciales: SEV"},"content":{"rendered":"\n<p><strong>Dar\u00edo Pale <\/strong><\/p>\n\n\n\n<p>Xalapa, Ver.- El Secretario de Educaci\u00f3n de Veracruz, Zenyazen Roberto Escobar Garc\u00eda dio a conocer que el regreso a clases en Veracruz ser\u00e1 hasta que todo el estado se encuentre en sem\u00e1foro epidemiol\u00f3gico de color verde.<\/p>\n\n\n\n<p>Entrevistado durante las jornadas de limpieza y faena en las inmediaciones de la SEV, se\u00f1al\u00f3 que, &#8220;no vamos a regresar hasta que todos estemos en verde, todo el estado&#8221;.<\/p>\n\n\n\n<p>Se\u00f1al\u00f3 que esto se debe a que se registra movilidad de la poblaci\u00f3n de un municipio a otro, principalmente de los maestros, en consecuencia, se podr\u00edan registrar nuevos contagios si un docente o padre de familia se traslada de un municipio en color rojo u otro a uno en color verde.<\/p>\n\n\n\n<p>&#8220;Esa movilidad es la que nos puede complicar el tema de los contagios que para nosotros es muy importante dar esa seguridad a las madres y padres de familia de que vamos a regresar hasta que haya las condiciones&#8221;, se\u00f1al\u00f3.<\/p>\n\n\n\n<p>En ese sentido, dijo que a\u00fan no se puede precisar alguna fecha: &#8220;Hay que ver c\u00f3mo va avanzando. No podr\u00eda hablar de aqu\u00ed a diciembre o a enero&#8221;.<\/p>\n\n\n\n<p>Lo anterior fue acordado entre el gobernador, Cuitl\u00e1huac Garc\u00eda Jim\u00e9nez, y secretarios de Educaci\u00f3n estatales con el titular de la Secretar\u00eda de Educaci\u00f3n P\u00fablica (SEP), Esteban Moctezuma Barrag\u00e1n.<\/p>\n","protected":false},"excerpt":{"rendered":"<p>Dar\u00edo Pale Xalapa, Ver.- El Secretario de Educaci\u00f3n de Veracruz, Zenyazen Roberto Escobar Garc\u00eda dio a conocer que el regreso a clases en Veracruz ser\u00e1 hasta que todo el estado se encuentre en sem\u00e1foro epidemiol\u00f3gico de color verde. Entrevistado durante las jornadas de limpieza y faena en las inmediaciones de la SEV, se\u00f1al\u00f3 que, &#8220;no [&hellip;]<\/p>\n","protected":false},"author":1,"featured_media":5794,"comment_status":"open","ping_status":"open","sticky":false,"template":"","format":"aside","meta":{"_jetpack_memberships_contains_paid_content":false,"footnotes":""},"categories":[2],"tags":[],"class_list":["post-5793","post","type-post","status-publish","format-aside","has-post-thumbnail","hentry","category-estado","post_format-post-format-aside"],"jetpack_featured_media_url":"https:\/\/encuentroinformativo.com.mx\/wp-content\/uploads\/2020\/09\/B258BE26-DB42-405D-ACBB-DF045DF3D307.jpeg","jetpack_sharing_enabled":true,"jetpack_likes_enabled":true,"amp_enabled":true,"_links":{"self":[{"href":"https:\/\/encuentroinformativo.com.mx\/index.php?rest_route=\/wp\/v2\/posts\/5793","targetHints":{"allow":["GET"]}}],"collection":[{"href":"https:\/\/encuentroinformativo.com.mx\/index.php?rest_route=\/wp\/v2\/posts"}],"about":[{"href":"https:\/\/encuentroinformativo.com.mx\/index.php?rest_route=\/wp\/v2\/types\/post"}],"author":[{"embeddable":true,"href":"https:\/\/encuentroinformativo.com.mx\/index.php?rest_route=\/wp\/v2\/users\/1"}],"replies":[{"embeddable":true,"href":"https:\/\/encuentroinformativo.com.mx\/index.php?rest_route=%2Fwp%2Fv2%2Fcomments&post=5793"}],"version-history":[{"count":1,"href":"https:\/\/encuentroinformativo.com.mx\/index.php?rest_route=\/wp\/v2\/posts\/5793\/revisions"}],"predecessor-version":[{"id":5795,"href":"https:\/\/encuentroinformativo.com.mx\/index.php?rest_route=\/wp\/v2\/posts\/5793\/revisions\/5795"}],"wp:featuredmedia":[{"embeddable":true,"href":"https:\/\/encuentroinformativo.com.mx\/index.php?rest_route=\/wp\/v2\/media\/5794"}],"wp:attachment":[{"href":"https:\/\/encuentroinformativo.com.mx\/index.php?rest_route=%2Fwp%2Fv2%2Fmedia&parent=5793"}],"wp:term":[{"taxonomy":"category","embeddable":true,"href":"https:\/\/encuentroinformativo.com.mx\/index.php?rest_route=%2Fwp%2Fv2%2Fcategories&post=5793"},{"taxonomy":"post_tag","embeddable":true,"href":"https:\/\/encuentroinformativo.com.mx\/index.php?rest_route=%2Fwp%2Fv2%2Ftags&post=5793"}],"curies":[{"name":"wp","href":"https:\/\/api.w.org\/{rel}","templated":true}]}}