{"id":57941,"date":"2024-08-24T14:39:25","date_gmt":"2024-08-24T20:39:25","guid":{"rendered":"https:\/\/encuentroinformativo.com.mx\/?p=57941"},"modified":"2024-08-24T14:39:30","modified_gmt":"2024-08-24T20:39:30","slug":"se-lo-lleva-el-tren","status":"publish","type":"post","link":"https:\/\/encuentroinformativo.com.mx\/?p=57941","title":{"rendered":"SE LO LLEVA EL TREN"},"content":{"rendered":"\n<p><strong>N\u00fameros Rojos<\/strong><\/p>\n\n\n\n<p><strong>Brenda Caballero<\/strong><\/p>\n\n\n\n<p>Era inevitable. Ten\u00eda que entrevistarlo antes que Alejandro Gertz Manero. Por eso, no me import\u00f3 viajar varias horas en tren hasta donde estaba. Y no, mi viaje no fue en el famoso Tren Maya, sino en el \u201cTren Veracruzano\u201d.<\/p>\n\n\n\n<p>Y all\u00ed estaba en la estaci\u00f3n del Ferrocarril el llamado \u201cRey Midas\u201d o \u201cEll Patr\u00f3n\u201d, V\u00edctor F\u00e9lix Flores Morales, muy bien acompa\u00f1ado por una chica de cabello largo, en medio de sus eternos guaruras con zapatos de marca.<\/p>\n\n\n\n<p><strong>-Don V\u00edctor, hey, hey, me puede dar una entrevista.<\/strong><\/p>\n\n\n\n<p>Unas gafas negras apenas voltearon, cuando uno de sus guarros me dijo: \u00a1\u00e9l no da entrevistas! \u00a1l\u00e1rgate!<\/p>\n\n\n\n<p>-\u00a1Chin me lleva el Tren!- Y yo que hasta extensiones de cabello me puse, como su acompa\u00f1ante. No me importaron sus palabras de retirarme y segu\u00ed gritando: <strong>-Solamente unos minutos, \u00a1Don V\u00edctoor! \u00a1Oigaaaa!<\/strong>&nbsp;<\/p>\n\n\n\n<p>-Se me hace que quieres otra cosa, reportera chayotera- Volvi\u00f3 a decirme el guarro.<\/p>\n\n\n\n<p><strong>-Una entrevista, unas palabras Don V\u00edctor- insist\u00ed -soy Contadora como usted, estudi\u00e9 en la UV como usted, y soy de Veracruz, como usted.<\/strong><\/p>\n\n\n\n<p>Ante mis gritos, las gafas negras voltearon y lentamente se fueron acercando.<\/p>\n\n\n\n<p>Mi coraz\u00f3n lat\u00eda \u201ca toda m\u00e1quina\u201d, cuando me pregunt\u00f3:<\/p>\n\n\n\n<p>-\u00bfVienes desde el Puerto de Veracruz?<\/p>\n\n\n\n<p><strong>-S\u00ed- le contest\u00e9, y antes de que se me fuera el tren pregunt\u00e9 -\u00bfSe reelegir\u00e1 el pr\u00f3ximo domingo como l\u00edder del Sindicato Ferrocarrilero?<\/strong><\/p>\n\n\n\n<p>-\u00a1Claro! a esta locomotora nadie la para.<\/p>\n\n\n\n<p><strong>-Pero, \u00bfy la orden de aprehensi\u00f3n por la Fiscal\u00eda General de la Rep\u00fablica?<\/strong><\/p>\n\n\n\n<p>-Pues otro vag\u00f3n m\u00e1s al tren que lo hace m\u00e1s y m\u00e1s grande. \u00a1Ya llevamos m\u00e1s de 16 mil y m\u00edrame!<\/p>\n\n\n\n<p><strong>-O sea, \u00bfNo le har\u00e1n nada por todos sus delitos cometidos?<\/strong><\/p>\n\n\n\n<p>-Pues son de cuarta \u00bfY cu\u00e1les delitos? \u00bfPues de qu\u00e9 lado est\u00e1s reportera chayotera? Yo nunca le quit\u00e9 nada a nadie, todo me lo han dado los ferrocarrileros.&nbsp;<\/p>\n\n\n\n<p><strong>-Pues s\u00ed, les \u201ccobra cuota\u201d<\/strong><\/p>\n\n\n\n<p>-\u00bfQu\u00e9 dijiste reportera? El pueblo no lo sabe pero con mi pensi\u00f3n del bienestar, a mis 85 a\u00f1os me alcanza, no tengo que robar nada.<\/p>\n\n\n\n<p><strong>-\u00a1Pues la Fiscal\u00eda General tiene otros datos, y hasta fraude le cargan!<\/strong><\/p>\n\n\n\n<p>-Fraude el del PRI, con esa modificaci\u00f3n de estatutos de Alito, ya ni en mis tiempos. \u00a1Eso s\u00ed es prolongarse en el poder!<\/p>\n\n\n\n<p><strong>-Oiga, pero usted es pri\u00edsta y hasta amigo de Ernesto Zedillo, \u00bfpues c\u00f3mo le hizo para llevarse con el ex presidente?<\/strong><\/p>\n\n\n\n<p>-Negocios, negocios, pero eso es informaci\u00f3n privada.<\/p>\n\n\n\n<p><strong>-S\u00ed, pues privatiz\u00f3 los ferrocarriles.<\/strong><\/p>\n\n\n\n<p>-\u00bfQu\u00e9 dijiste reportera?&nbsp;<\/p>\n\n\n\n<p><strong>-No se enoje, que se parece al \u201cMochaorejas\u201d, mejor d\u00edgame \u00bfes verdad que les mocha las cuotas a sus agremiados?<\/strong><\/p>\n\n\n\n<p>-No me levantes falsos, el domingo ver\u00e1s que \u201cllegar\u00e9 con todo y a toda m\u00e1quina\u201d.<\/p>\n\n\n\n<p><strong>-Pero a prisi\u00f3n\u2026<\/strong><\/p>\n\n\n\n<p>-\u00bfQu\u00e9 dijiste? Es m\u00e1s, no s\u00e9 ni por qu\u00e9 contesto, pues yo ni entrevistas doy.&nbsp;<\/p>\n\n\n\n<p>Y que se va, con s\u00e9quito y cab\u00fas y que me deja all\u00ed en la estaci\u00f3n, enmedio de las v\u00edas y durmientes.<\/p>\n\n\n\n<p>*Entrevista Ficticia con la \u00fanica intenci\u00f3n de devolverle al Pueblo la emoci\u00f3n del humor y la risa.<\/p>\n\n\n\n<p><a href=\"mailto:correo%3Acaballero_brenda@hotmail.com\" target=\"_blank\" rel=\"noreferrer noopener\">correo:caballero_brenda@hotmail.com<\/a><\/p>\n\n\n\n<p>Twitter: @NumerosRojos_BC<\/p>\n","protected":false},"excerpt":{"rendered":"<p>N\u00fameros Rojos Brenda Caballero Era inevitable. Ten\u00eda que entrevistarlo antes que Alejandro Gertz Manero. Por eso, no me import\u00f3 viajar varias horas en tren hasta donde estaba. Y no, mi viaje no fue en el famoso Tren Maya, sino en el \u201cTren Veracruzano\u201d. Y all\u00ed estaba en la estaci\u00f3n del Ferrocarril el llamado \u201cRey Midas\u201d [&hellip;]<\/p>\n","protected":false},"author":2476,"featured_media":387,"comment_status":"open","ping_status":"open","sticky":false,"template":"","format":"standard","meta":{"_jetpack_memberships_contains_paid_content":false,"footnotes":""},"categories":[11],"tags":[],"class_list":["post-57941","post","type-post","status-publish","format-standard","has-post-thumbnail","hentry","category-opinion"],"jetpack_featured_media_url":"https:\/\/encuentroinformativo.com.mx\/wp-content\/uploads\/2020\/03\/7CF8A22B-2764-47BE-8F7F-38FE9E5D6A2F.jpeg","jetpack_sharing_enabled":true,"jetpack_likes_enabled":true,"amp_enabled":true,"_links":{"self":[{"href":"https:\/\/encuentroinformativo.com.mx\/index.php?rest_route=\/wp\/v2\/posts\/57941","targetHints":{"allow":["GET"]}}],"collection":[{"href":"https:\/\/encuentroinformativo.com.mx\/index.php?rest_route=\/wp\/v2\/posts"}],"about":[{"href":"https:\/\/encuentroinformativo.com.mx\/index.php?rest_route=\/wp\/v2\/types\/post"}],"author":[{"embeddable":true,"href":"https:\/\/encuentroinformativo.com.mx\/index.php?rest_route=\/wp\/v2\/users\/2476"}],"replies":[{"embeddable":true,"href":"https:\/\/encuentroinformativo.com.mx\/index.php?rest_route=%2Fwp%2Fv2%2Fcomments&post=57941"}],"version-history":[{"count":1,"href":"https:\/\/encuentroinformativo.com.mx\/index.php?rest_route=\/wp\/v2\/posts\/57941\/revisions"}],"predecessor-version":[{"id":57942,"href":"https:\/\/encuentroinformativo.com.mx\/index.php?rest_route=\/wp\/v2\/posts\/57941\/revisions\/57942"}],"wp:featuredmedia":[{"embeddable":true,"href":"https:\/\/encuentroinformativo.com.mx\/index.php?rest_route=\/wp\/v2\/media\/387"}],"wp:attachment":[{"href":"https:\/\/encuentroinformativo.com.mx\/index.php?rest_route=%2Fwp%2Fv2%2Fmedia&parent=57941"}],"wp:term":[{"taxonomy":"category","embeddable":true,"href":"https:\/\/encuentroinformativo.com.mx\/index.php?rest_route=%2Fwp%2Fv2%2Fcategories&post=57941"},{"taxonomy":"post_tag","embeddable":true,"href":"https:\/\/encuentroinformativo.com.mx\/index.php?rest_route=%2Fwp%2Fv2%2Ftags&post=57941"}],"curies":[{"name":"wp","href":"https:\/\/api.w.org\/{rel}","templated":true}]}}