{"id":57946,"date":"2024-08-24T14:47:50","date_gmt":"2024-08-24T20:47:50","guid":{"rendered":"https:\/\/encuentroinformativo.com.mx\/?p=57946"},"modified":"2024-08-24T14:47:55","modified_gmt":"2024-08-24T20:47:55","slug":"recordaran-a-martires-del-28-de-agosto","status":"publish","type":"post","link":"https:\/\/encuentroinformativo.com.mx\/?p=57946","title":{"rendered":"Recordar\u00e1n a M\u00e1rtires del 28 de Agosto"},"content":{"rendered":"\n<p><strong>Dar\u00edo Pale <\/strong><\/p>\n\n\n\n<p>Xalapa, Ver.- Pr\u00f3ximo mi\u00e9rcoles se conmemorar\u00e1 el cent\u00e9simo aniversario del asesinato de Los M\u00e1rtires del 28 de Agosto en Xalapa, por lo que los extrabajadores de la Fabrica de San Bruno realizar\u00e1n actividades para recordarlos, as\u00ed lo dio a conocer Ignacio Lara Hern\u00e1ndez, colono de San Bruno.<\/p>\n\n\n\n<p>En entrevista se\u00f1al\u00f3 que, Los M\u00e1rtires del 28 de agosto eran xalape\u00f1os que murieron en la f\u00e1brica, tras un fingido asalto, ante la lucha obrera que estaba en apogeo.<\/p>\n\n\n\n<p>El 28 de agosto ded 1924, en la f\u00e1brica textil de San Bruno acribillaron a Honorio Rodr\u00edguez, obrero de la f\u00e1brica y de Fidencio Oca\u00f1a, quien acudi\u00f3 a dejar un pedido de pan para la f\u00e1brica.<br>Jos\u00e9 Hern\u00e1ndez, Francisco Moreno, Alberto Calder\u00f3n, Ezequiel Alatriste, Manuel Hern\u00e1ndez, Isauro S\u00e1nchez, Ignacio Viveros, Isidoro Avenda\u00f1o, Armando Ram\u00edrez, Her\u00f3n P\u00e9rez, obreros de la f\u00e1brica fueron sacados con lujo de violencia para secuestrarlos y posteriormente asesinarlos. Fueron traslados al plan de Narajillo perteneciente al municipio de San Andr\u00e9s Tlalnelnuayocan, donde los ejecutaron por su filiaci\u00f3n sindical.<\/p>\n\n\n\n<p>Los responsables del artero crimen fueron identificados como Cruz Arenas, Miguel \u00c1ngel Alarc\u00f3n y David Franzoni. Siempre se supo que los actores intelectuales fueron los mismos due\u00f1os de la f\u00e1brica en contubernio con el gobernador del Estado Adalberto Tejeda Olivares, en su primer periodo de gobernador de Veracruz.<\/p>\n\n\n\n<p>\u201cHemos sacado a la luz todo lo que paso. Siempre se dijo que fue un asalto y que los hab\u00edan sacado de ah\u00ed, pero fue un fingido asalto, lo que quer\u00edan hacer era un asesinato. La lucha obrera estaba en su apogeo y hab\u00eda que poner un hasta aqu\u00ed&#8221;, se\u00f1al\u00f3.<\/p>\n\n\n\n<p>\u201cYo creo que los m\u00e1rtires se merecen un lugar en la historia, ah\u00ed se gest\u00f3 fue un germen de una lucha comunista\u201d, agreg\u00f3.<\/p>\n\n\n\n<p>Finalmente coment\u00f3 que el mi\u00e9rcoles habr\u00e1 una marcha de la f\u00e1brica de San Bruno a la escuela M\u00e1rtires 28 de agosto, a las 8 de la ma\u00f1ana, y habr\u00e1 un acto c\u00edvico, por la tarde, la UV organiz\u00f3 un evento para recordar la historia.<\/p>\n","protected":false},"excerpt":{"rendered":"<p>Dar\u00edo Pale Xalapa, Ver.- Pr\u00f3ximo mi\u00e9rcoles se conmemorar\u00e1 el cent\u00e9simo aniversario del asesinato de Los M\u00e1rtires del 28 de Agosto en Xalapa, por lo que los extrabajadores de la Fabrica de San Bruno realizar\u00e1n actividades para recordarlos, as\u00ed lo dio a conocer Ignacio Lara Hern\u00e1ndez, colono de San Bruno. En entrevista se\u00f1al\u00f3 que, Los M\u00e1rtires [&hellip;]<\/p>\n","protected":false},"author":2476,"featured_media":57947,"comment_status":"open","ping_status":"open","sticky":false,"template":"","format":"standard","meta":{"_jetpack_memberships_contains_paid_content":false,"footnotes":""},"categories":[3],"tags":[],"class_list":["post-57946","post","type-post","status-publish","format-standard","has-post-thumbnail","hentry","category-xalapa"],"jetpack_featured_media_url":"https:\/\/encuentroinformativo.com.mx\/wp-content\/uploads\/2024\/08\/IMG-20240824-WA0006.jpg","jetpack_sharing_enabled":true,"jetpack_likes_enabled":true,"amp_enabled":true,"_links":{"self":[{"href":"https:\/\/encuentroinformativo.com.mx\/index.php?rest_route=\/wp\/v2\/posts\/57946","targetHints":{"allow":["GET"]}}],"collection":[{"href":"https:\/\/encuentroinformativo.com.mx\/index.php?rest_route=\/wp\/v2\/posts"}],"about":[{"href":"https:\/\/encuentroinformativo.com.mx\/index.php?rest_route=\/wp\/v2\/types\/post"}],"author":[{"embeddable":true,"href":"https:\/\/encuentroinformativo.com.mx\/index.php?rest_route=\/wp\/v2\/users\/2476"}],"replies":[{"embeddable":true,"href":"https:\/\/encuentroinformativo.com.mx\/index.php?rest_route=%2Fwp%2Fv2%2Fcomments&post=57946"}],"version-history":[{"count":1,"href":"https:\/\/encuentroinformativo.com.mx\/index.php?rest_route=\/wp\/v2\/posts\/57946\/revisions"}],"predecessor-version":[{"id":57948,"href":"https:\/\/encuentroinformativo.com.mx\/index.php?rest_route=\/wp\/v2\/posts\/57946\/revisions\/57948"}],"wp:featuredmedia":[{"embeddable":true,"href":"https:\/\/encuentroinformativo.com.mx\/index.php?rest_route=\/wp\/v2\/media\/57947"}],"wp:attachment":[{"href":"https:\/\/encuentroinformativo.com.mx\/index.php?rest_route=%2Fwp%2Fv2%2Fmedia&parent=57946"}],"wp:term":[{"taxonomy":"category","embeddable":true,"href":"https:\/\/encuentroinformativo.com.mx\/index.php?rest_route=%2Fwp%2Fv2%2Fcategories&post=57946"},{"taxonomy":"post_tag","embeddable":true,"href":"https:\/\/encuentroinformativo.com.mx\/index.php?rest_route=%2Fwp%2Fv2%2Ftags&post=57946"}],"curies":[{"name":"wp","href":"https:\/\/api.w.org\/{rel}","templated":true}]}}