{"id":57949,"date":"2024-08-24T19:50:20","date_gmt":"2024-08-25T01:50:20","guid":{"rendered":"https:\/\/encuentroinformativo.com.mx\/?p=57949"},"modified":"2024-08-24T19:50:26","modified_gmt":"2024-08-25T01:50:26","slug":"eleazar-guerrero-perez-recibe-credencial-como-diputado-federal","status":"publish","type":"post","link":"https:\/\/encuentroinformativo.com.mx\/?p=57949","title":{"rendered":"Eleazar Guerrero P\u00e9rez recibe credencial como Diputado Federal"},"content":{"rendered":"\n<p>Ciudad de M\u00e9xico.- El d\u00eda de hoy, el maestro Eleazar Guerrero P\u00e9rez acudi\u00f3 al Palacio Legislativo de San L\u00e1zaro para cumplir con los tr\u00e1mites correspondientes y recibir su credencial que lo acredita como Diputado Federal de la LXVI Legislatura para el periodo 2024-2027.<\/p>\n\n\n\n<p>Este documento le otorga todos los derechos y obligaciones estipulados en la Constituci\u00f3n Pol\u00edtica de los Estados Unidos Mexicanos.<\/p>\n\n\n\n<p>Guerrero P\u00e9rez asume esta responsabilidad con el firme compromiso de representar y servir a la ciudadan\u00eda, como lo ha hecho desde siempre en funci\u00f3n p\u00fablica, conforme al mandato que le fue conferido el pasado 2 de junio. Su labor legislativa se centrar\u00e1 en contribuir a la construcci\u00f3n del \u201cSegundo Piso de la Transformaci\u00f3n\u201d, una etapa crucial para consolidar los avances logrados en materia pol\u00edtica, social y econ\u00f3mica del pa\u00eds.<\/p>\n\n\n\n<p>El Diputado Guerrero P\u00e9rez reiter\u00f3 su disposici\u00f3n para trabajar de la mano con sus compa\u00f1eras y compa\u00f1eros legisladores, as\u00ed como con los diversos sectores de la sociedad, con el objetivo firme de promover reformas y pol\u00edticas p\u00fablicas que impulsen el desarrollo y bienestar de las y los mexicanos.<\/p>\n\n\n\n<p>Con este nuevo encargo, Eleazar Guerrero P\u00e9rez reafirma su compromiso de mantener un di\u00e1logo abierto y constante con sus representados, para garantizar que sus voces sean escuchadas y consideradas en lo m\u00e1s alto de la tribuna en el Congreso de la Uni\u00f3n.<\/p>\n","protected":false},"excerpt":{"rendered":"<p>Ciudad de M\u00e9xico.- El d\u00eda de hoy, el maestro Eleazar Guerrero P\u00e9rez acudi\u00f3 al Palacio Legislativo de San L\u00e1zaro para cumplir con los tr\u00e1mites correspondientes y recibir su credencial que lo acredita como Diputado Federal de la LXVI Legislatura para el periodo 2024-2027. Este documento le otorga todos los derechos y obligaciones estipulados en la [&hellip;]<\/p>\n","protected":false},"author":2476,"featured_media":57950,"comment_status":"open","ping_status":"open","sticky":false,"template":"","format":"standard","meta":{"_jetpack_memberships_contains_paid_content":false,"footnotes":""},"categories":[2],"tags":[],"class_list":["post-57949","post","type-post","status-publish","format-standard","has-post-thumbnail","hentry","category-estado"],"jetpack_featured_media_url":"https:\/\/encuentroinformativo.com.mx\/wp-content\/uploads\/2024\/08\/IMG-20240824-WA00282.jpg","jetpack_sharing_enabled":true,"jetpack_likes_enabled":true,"amp_enabled":true,"_links":{"self":[{"href":"https:\/\/encuentroinformativo.com.mx\/index.php?rest_route=\/wp\/v2\/posts\/57949","targetHints":{"allow":["GET"]}}],"collection":[{"href":"https:\/\/encuentroinformativo.com.mx\/index.php?rest_route=\/wp\/v2\/posts"}],"about":[{"href":"https:\/\/encuentroinformativo.com.mx\/index.php?rest_route=\/wp\/v2\/types\/post"}],"author":[{"embeddable":true,"href":"https:\/\/encuentroinformativo.com.mx\/index.php?rest_route=\/wp\/v2\/users\/2476"}],"replies":[{"embeddable":true,"href":"https:\/\/encuentroinformativo.com.mx\/index.php?rest_route=%2Fwp%2Fv2%2Fcomments&post=57949"}],"version-history":[{"count":1,"href":"https:\/\/encuentroinformativo.com.mx\/index.php?rest_route=\/wp\/v2\/posts\/57949\/revisions"}],"predecessor-version":[{"id":57951,"href":"https:\/\/encuentroinformativo.com.mx\/index.php?rest_route=\/wp\/v2\/posts\/57949\/revisions\/57951"}],"wp:featuredmedia":[{"embeddable":true,"href":"https:\/\/encuentroinformativo.com.mx\/index.php?rest_route=\/wp\/v2\/media\/57950"}],"wp:attachment":[{"href":"https:\/\/encuentroinformativo.com.mx\/index.php?rest_route=%2Fwp%2Fv2%2Fmedia&parent=57949"}],"wp:term":[{"taxonomy":"category","embeddable":true,"href":"https:\/\/encuentroinformativo.com.mx\/index.php?rest_route=%2Fwp%2Fv2%2Fcategories&post=57949"},{"taxonomy":"post_tag","embeddable":true,"href":"https:\/\/encuentroinformativo.com.mx\/index.php?rest_route=%2Fwp%2Fv2%2Ftags&post=57949"}],"curies":[{"name":"wp","href":"https:\/\/api.w.org\/{rel}","templated":true}]}}