{"id":57952,"date":"2024-08-24T20:47:28","date_gmt":"2024-08-25T02:47:28","guid":{"rendered":"https:\/\/encuentroinformativo.com.mx\/?p=57952"},"modified":"2024-08-24T20:47:34","modified_gmt":"2024-08-25T02:47:34","slug":"para-ayuntamientos-partidos-deberan-destinar-candidaturas-a-personas-con-discapacidad","status":"publish","type":"post","link":"https:\/\/encuentroinformativo.com.mx\/?p=57952","title":{"rendered":"Para Ayuntamientos, partidos deber\u00e1n destinar candidaturas a personas con discapacidad"},"content":{"rendered":"\n<p><strong>Dar\u00edo Pale<\/strong><\/p>\n\n\n\n<p>Xalapa, Ver.- Partidos deber\u00e1n postular candidaturas de discapacitados en Ayuntamientos con 8 y hasta 13 regidores, as\u00ed lo dio a conocer la Consejera del Organismo P\u00fablico Local Electoral (OPLE), Mabel Aseret Hern\u00e1ndez Meneses.<\/p>\n\n\n\n<p>En entrevista se\u00f1al\u00f3 que, para el registro de personas con discapacidad en Ayuntamiento, los partidos pol\u00edticos deber\u00e1n registrar, al menos, una f\u00f3rmula de candidaturas de personas con discapacidad en 8 municipios, entre aquellos que cuente con 8 a 13 regidur\u00edas en la posici\u00f3n que libremente determinen.<\/p>\n\n\n\n<p>La f\u00f3rmula de candidatura para personas con discapacidad propietaria y suplente, deber\u00e1n ser del mismo g\u00e9nero; se podr\u00e1 exceptuar de lo anterior cuando el propietario sea hombre, en tal caso, se podr\u00e1 postular como suplente, pero a la inversa.<\/p>\n\n\n\n<p>Lo anterior se debe a que en la elecci\u00f3n de la renovaci\u00f3n de las alcald\u00edas, se aplicar\u00e1n las m\u00e1s recientes modificaciones para la postulaci\u00f3n de candidatos con discapacidad.<\/p>\n\n\n\n<p>En la \u00faltima sesi\u00f3n del periodo ordinario del Congreso de Veracruz se modific\u00f3 el C\u00f3digo Electoral, en su art\u00edculo 175 Bis, reforma que se promulg\u00f3 el 1 de agosto de este mismo a\u00f1o.<\/p>\n\n\n\n<p>En el art\u00edculo se establece que los partidos pol\u00edticos o coaliciones favorecer\u00e1 el registro de candidaturas para personas con discapacidad; y sin perjuicio de que puedan postular a m\u00e1s personas con esta condici\u00f3n.<\/p>\n\n\n\n<p>Mientras que, para el registro de personas con discapacidad en diputaciones, los partidos pol\u00edticos deber\u00e1n registrar una f\u00f3rmula integrada por personas con discapacidad en sus listas de candidaturas a diputaciones por el principio de representaci\u00f3n popular, las cuales se ubicar\u00e1n en los primeros 8 lugares de la lista respectiva.<\/p>\n\n\n\n<p>\u201cCuando el proceso general emiti\u00f3 las acciones afirmativas para el proceso de Ayuntamientos, si qued\u00f3 la salvedad de que \u00e9stas se aplicar\u00edan en tanto no hubiera una legislaci\u00f3n expresa del Congreso del Estado&#8221;, se\u00f1al\u00f3.<\/p>\n\n\n\n<p>\u201cPero ahora que ya fueron promulgadas, las candidaturas de las personas con discapacidad, que ya son permanentes -al volverse ley-, es que pues tendremos que aplicarlas tal cual como el Congreso determin\u00f3 que sea para este proceso\u201d, agreg\u00f3.<\/p>\n\n\n\n<p>No obstante, dijo, que en el caso de pueblos originarios si se mantendr\u00e1n las acciones afirmativas que emiti\u00f3 el OPLE, lo mismo aplicar\u00e1 para la comunidad de la diversidad, dos grupos vulnerables donde no hay una regulaci\u00f3n en la ley.<\/p>\n","protected":false},"excerpt":{"rendered":"<p>Dar\u00edo Pale Xalapa, Ver.- Partidos deber\u00e1n postular candidaturas de discapacitados en Ayuntamientos con 8 y hasta 13 regidores, as\u00ed lo dio a conocer la Consejera del Organismo P\u00fablico Local Electoral (OPLE), Mabel Aseret Hern\u00e1ndez Meneses. En entrevista se\u00f1al\u00f3 que, para el registro de personas con discapacidad en Ayuntamiento, los partidos pol\u00edticos deber\u00e1n registrar, al menos, [&hellip;]<\/p>\n","protected":false},"author":2476,"featured_media":57953,"comment_status":"open","ping_status":"open","sticky":false,"template":"","format":"standard","meta":{"_jetpack_memberships_contains_paid_content":false,"footnotes":""},"categories":[2],"tags":[],"class_list":["post-57952","post","type-post","status-publish","format-standard","has-post-thumbnail","hentry","category-estado"],"jetpack_featured_media_url":"https:\/\/encuentroinformativo.com.mx\/wp-content\/uploads\/2024\/08\/IMG-20240824-WA0029.jpg","jetpack_sharing_enabled":true,"jetpack_likes_enabled":true,"amp_enabled":true,"_links":{"self":[{"href":"https:\/\/encuentroinformativo.com.mx\/index.php?rest_route=\/wp\/v2\/posts\/57952","targetHints":{"allow":["GET"]}}],"collection":[{"href":"https:\/\/encuentroinformativo.com.mx\/index.php?rest_route=\/wp\/v2\/posts"}],"about":[{"href":"https:\/\/encuentroinformativo.com.mx\/index.php?rest_route=\/wp\/v2\/types\/post"}],"author":[{"embeddable":true,"href":"https:\/\/encuentroinformativo.com.mx\/index.php?rest_route=\/wp\/v2\/users\/2476"}],"replies":[{"embeddable":true,"href":"https:\/\/encuentroinformativo.com.mx\/index.php?rest_route=%2Fwp%2Fv2%2Fcomments&post=57952"}],"version-history":[{"count":1,"href":"https:\/\/encuentroinformativo.com.mx\/index.php?rest_route=\/wp\/v2\/posts\/57952\/revisions"}],"predecessor-version":[{"id":57954,"href":"https:\/\/encuentroinformativo.com.mx\/index.php?rest_route=\/wp\/v2\/posts\/57952\/revisions\/57954"}],"wp:featuredmedia":[{"embeddable":true,"href":"https:\/\/encuentroinformativo.com.mx\/index.php?rest_route=\/wp\/v2\/media\/57953"}],"wp:attachment":[{"href":"https:\/\/encuentroinformativo.com.mx\/index.php?rest_route=%2Fwp%2Fv2%2Fmedia&parent=57952"}],"wp:term":[{"taxonomy":"category","embeddable":true,"href":"https:\/\/encuentroinformativo.com.mx\/index.php?rest_route=%2Fwp%2Fv2%2Fcategories&post=57952"},{"taxonomy":"post_tag","embeddable":true,"href":"https:\/\/encuentroinformativo.com.mx\/index.php?rest_route=%2Fwp%2Fv2%2Ftags&post=57952"}],"curies":[{"name":"wp","href":"https:\/\/api.w.org\/{rel}","templated":true}]}}