{"id":57969,"date":"2024-08-26T11:26:20","date_gmt":"2024-08-26T17:26:20","guid":{"rendered":"https:\/\/encuentroinformativo.com.mx\/?p=57969"},"modified":"2024-08-26T11:26:26","modified_gmt":"2024-08-26T17:26:26","slug":"retornan-a-clases-estudiantes-de-educacion-basica","status":"publish","type":"post","link":"https:\/\/encuentroinformativo.com.mx\/?p=57969","title":{"rendered":"Retornan a clases estudiantes de educaci\u00f3n b\u00e1sica"},"content":{"rendered":"\n<p><strong>Dar\u00edo Pale <\/strong><\/p>\n\n\n\n<p>Xalapa, Ver.- Hoy fue el primer d\u00eda del regreso a clases de educaci\u00f3n b\u00e1sica donde un mill\u00f3n 334 mil 790 alumnos se integran al ciclo escolar 2024-2025, as\u00ed lo dio a conocer el titular de la Secretar\u00eda de Educaci\u00f3n de Veracruz (SEV), V\u00edctor Emmanuel Vargas Barrientos.<\/p>\n\n\n\n<p>En un acto protocolario de inicio del ciclo escolar, inform\u00f3 que este lunes se integran un \u00a0mill\u00f3n 334 mil 790 alumnos al ciclo escolar 2024-2025 para educaci\u00f3n b\u00e1sica.<\/p>\n\n\n\n<p>&#8220;Celebramos el inicio de un ciclo escolar m\u00e1s y en este caso del ciclo escolar 24 -25, \u00a0b\u00e1sica con poco m\u00e1s de un mill\u00f3n 334 mil 790 alumnos y estudiantes atendidos por 88 mil 531 docentes de 20 mil \u00a0949 escuelas&#8221;, se\u00f1al\u00f3.<\/p>\n\n\n\n<p>Donde se incluyen centros de educaci\u00f3n especial, centros de desarrollo infantil, comunitarios, de atenci\u00f3n a la primera infancia, m\u00f3dulos de educaci\u00f3n ind\u00edgena, educaci\u00f3n para adultos, jardines de ni\u00f1os, primarias y secundarias.<\/p>\n\n\n\n<p>La ceremonia de inicio de clases se realiz\u00f3 en la Telesecundaria &#8220;Benito Fentanes&#8221; de esta capital, ah\u00ed el secretario de Educaci\u00f3n precis\u00f3 que en total \u00a0en todos los niveles educativos en Veracruz se incorporan a clases poco m\u00e1s de 2 millones de alumnos en 23 mil 944 escuelas con 137 mil 78 docentes.<\/p>\n\n\n\n<p>De acuerdo al calendario de la Secretar\u00eda de Educaci\u00f3n P\u00fablica (SEP) el nuevo ciclo escolar concluir\u00e1 el 16 de julio del 2025, por lo que comprender\u00e1 191 d\u00edas h\u00e1biles de clases.<\/p>\n\n\n\n<p>As\u00ed como 18 d\u00edas inh\u00e1biles por diversas suspensiones, d\u00edas festivos y conmemoraciones, y los respectivos periodos vacacionales de invierno y Semana Santa.<\/p>\n","protected":false},"excerpt":{"rendered":"<p>Dar\u00edo Pale Xalapa, Ver.- Hoy fue el primer d\u00eda del regreso a clases de educaci\u00f3n b\u00e1sica donde un mill\u00f3n 334 mil 790 alumnos se integran al ciclo escolar 2024-2025, as\u00ed lo dio a conocer el titular de la Secretar\u00eda de Educaci\u00f3n de Veracruz (SEV), V\u00edctor Emmanuel Vargas Barrientos. En un acto protocolario de inicio del [&hellip;]<\/p>\n","protected":false},"author":2476,"featured_media":57970,"comment_status":"open","ping_status":"open","sticky":false,"template":"","format":"standard","meta":{"_jetpack_memberships_contains_paid_content":false,"footnotes":""},"categories":[2],"tags":[],"class_list":["post-57969","post","type-post","status-publish","format-standard","has-post-thumbnail","hentry","category-estado"],"jetpack_featured_media_url":"https:\/\/encuentroinformativo.com.mx\/wp-content\/uploads\/2024\/08\/IMG-20240826-WA0040.jpg","jetpack_sharing_enabled":true,"jetpack_likes_enabled":true,"amp_enabled":true,"_links":{"self":[{"href":"https:\/\/encuentroinformativo.com.mx\/index.php?rest_route=\/wp\/v2\/posts\/57969","targetHints":{"allow":["GET"]}}],"collection":[{"href":"https:\/\/encuentroinformativo.com.mx\/index.php?rest_route=\/wp\/v2\/posts"}],"about":[{"href":"https:\/\/encuentroinformativo.com.mx\/index.php?rest_route=\/wp\/v2\/types\/post"}],"author":[{"embeddable":true,"href":"https:\/\/encuentroinformativo.com.mx\/index.php?rest_route=\/wp\/v2\/users\/2476"}],"replies":[{"embeddable":true,"href":"https:\/\/encuentroinformativo.com.mx\/index.php?rest_route=%2Fwp%2Fv2%2Fcomments&post=57969"}],"version-history":[{"count":1,"href":"https:\/\/encuentroinformativo.com.mx\/index.php?rest_route=\/wp\/v2\/posts\/57969\/revisions"}],"predecessor-version":[{"id":57971,"href":"https:\/\/encuentroinformativo.com.mx\/index.php?rest_route=\/wp\/v2\/posts\/57969\/revisions\/57971"}],"wp:featuredmedia":[{"embeddable":true,"href":"https:\/\/encuentroinformativo.com.mx\/index.php?rest_route=\/wp\/v2\/media\/57970"}],"wp:attachment":[{"href":"https:\/\/encuentroinformativo.com.mx\/index.php?rest_route=%2Fwp%2Fv2%2Fmedia&parent=57969"}],"wp:term":[{"taxonomy":"category","embeddable":true,"href":"https:\/\/encuentroinformativo.com.mx\/index.php?rest_route=%2Fwp%2Fv2%2Fcategories&post=57969"},{"taxonomy":"post_tag","embeddable":true,"href":"https:\/\/encuentroinformativo.com.mx\/index.php?rest_route=%2Fwp%2Fv2%2Ftags&post=57969"}],"curies":[{"name":"wp","href":"https:\/\/api.w.org\/{rel}","templated":true}]}}