{"id":57978,"date":"2024-08-26T13:27:50","date_gmt":"2024-08-26T19:27:50","guid":{"rendered":"https:\/\/encuentroinformativo.com.mx\/?p=57978"},"modified":"2024-08-26T13:27:56","modified_gmt":"2024-08-26T19:27:56","slug":"ante-asaltos-en-carreteras-autoridades-deben-coordinarse-manuel-huerta","status":"publish","type":"post","link":"https:\/\/encuentroinformativo.com.mx\/?p=57978","title":{"rendered":"Ante asaltos en carreteras, autoridades deben coordinarse: Manuel Huerta"},"content":{"rendered":"\n<p><strong>Dar\u00edo Pale <\/strong><\/p>\n\n\n\n<p>Xalapa, Ver.- Gobiernos no pueden excusarse en nivel de autoridad, debe haber coordinaci\u00f3n, no \u00a0se puede tapar el sol con un dedo, opina tras asalto en Cumbres de Maltrata, as\u00ed lo dio a conocer senador electo de Morena, Manuel Huerta Ladr\u00f3n de Guevara.<\/p>\n\n\n\n<p>En conferencia de prensa reconoci\u00f3 que &#8220;no se puede tapar el sol con un dedo&#8221;, tras los hechos ocurridos en las Cumbres de Maltrata, donde delincuentes asaltaron a la activista Aracely Salcedo.<\/p>\n\n\n\n<p>El morenista consider\u00f3 que las autoridades no se pueden excusar en que son municipales, estatales o federales para atender este asunto, debe existir coordinaci\u00f3n.<\/p>\n\n\n\n<p>Se solidariz\u00f3 con la madre buscadora de desaparecidos, pero con todos aquellos que han sufrido de violencia en esa carretera.<\/p>\n\n\n\n<p>Recalc\u00f3 que el concepto de seguridad p\u00fablica debe pasar de manera urgente un concepto de seguridad humana.<\/p>\n\n\n\n<p>Al dar a conocer su oficina de enlace en esta capital, en la calle Revoluci\u00f3n, en el centro, consider\u00f3 que se debe echar mano de la mejor tecnolog\u00eda, de diagn\u00f3sticos reales, de inteligencia para combatir los cr\u00edmenes.<\/p>\n\n\n\n<p>Expres\u00f3 que adem\u00e1s debe haber una cercan\u00eda con la sociedad, a trav\u00e9s de las polic\u00edas municipales y la Estatal, as\u00ed como las fuerzas federales.<\/p>\n\n\n\n<p>&#8220;Esta coordinaci\u00f3n, que es el acierto, porque ha sido la manera en la que se ha logrado fortalecer la seguridad en Veracruz, reconocido por eo Gobierno, pero no basta.<\/p>\n\n\n\n<p>Esto espero que Roc\u00edo Nahle y sin duda har\u00e1 una propuesta, que no nada m\u00e1s le cambie el nombre a una instituci\u00f3n porque eso de nada ayuda mucho&#8221;, consider\u00f3.<\/p>\n\n\n\n<p>El legislador federal electo afirm\u00f3 que se necesita de un cambio de actitud, respetando los derechos humanos.<\/p>\n\n\n\n<p>&#8220;Es obvio que no se puede tapar el sol con un dedo, incluso no podemos ampararnos en el concepto de la Rep\u00fablica o que soy un gobierno estatal o municipal para negar la necesaria coordinaci\u00f3n que debe existir para atender este y otros menesteres&#8221;, extern\u00f3.<\/p>\n\n\n\n<p>Por \u00faltimo dijo que habr\u00eda que preguntar a las autoridades si existe coordinaci\u00f3n con las autoridades federales, \u00e9l hace casi un a\u00f1o que sali\u00f3 de la administraci\u00f3n federal.<\/p>\n","protected":false},"excerpt":{"rendered":"<p>Dar\u00edo Pale Xalapa, Ver.- Gobiernos no pueden excusarse en nivel de autoridad, debe haber coordinaci\u00f3n, no \u00a0se puede tapar el sol con un dedo, opina tras asalto en Cumbres de Maltrata, as\u00ed lo dio a conocer senador electo de Morena, Manuel Huerta Ladr\u00f3n de Guevara. En conferencia de prensa reconoci\u00f3 que &#8220;no se puede tapar [&hellip;]<\/p>\n","protected":false},"author":2476,"featured_media":57979,"comment_status":"open","ping_status":"open","sticky":false,"template":"","format":"standard","meta":{"_jetpack_memberships_contains_paid_content":false,"footnotes":""},"categories":[2],"tags":[],"class_list":["post-57978","post","type-post","status-publish","format-standard","has-post-thumbnail","hentry","category-estado"],"jetpack_featured_media_url":"https:\/\/encuentroinformativo.com.mx\/wp-content\/uploads\/2024\/08\/IMG-20240826-WA0070.jpg","jetpack_sharing_enabled":true,"jetpack_likes_enabled":true,"amp_enabled":true,"_links":{"self":[{"href":"https:\/\/encuentroinformativo.com.mx\/index.php?rest_route=\/wp\/v2\/posts\/57978","targetHints":{"allow":["GET"]}}],"collection":[{"href":"https:\/\/encuentroinformativo.com.mx\/index.php?rest_route=\/wp\/v2\/posts"}],"about":[{"href":"https:\/\/encuentroinformativo.com.mx\/index.php?rest_route=\/wp\/v2\/types\/post"}],"author":[{"embeddable":true,"href":"https:\/\/encuentroinformativo.com.mx\/index.php?rest_route=\/wp\/v2\/users\/2476"}],"replies":[{"embeddable":true,"href":"https:\/\/encuentroinformativo.com.mx\/index.php?rest_route=%2Fwp%2Fv2%2Fcomments&post=57978"}],"version-history":[{"count":1,"href":"https:\/\/encuentroinformativo.com.mx\/index.php?rest_route=\/wp\/v2\/posts\/57978\/revisions"}],"predecessor-version":[{"id":57980,"href":"https:\/\/encuentroinformativo.com.mx\/index.php?rest_route=\/wp\/v2\/posts\/57978\/revisions\/57980"}],"wp:featuredmedia":[{"embeddable":true,"href":"https:\/\/encuentroinformativo.com.mx\/index.php?rest_route=\/wp\/v2\/media\/57979"}],"wp:attachment":[{"href":"https:\/\/encuentroinformativo.com.mx\/index.php?rest_route=%2Fwp%2Fv2%2Fmedia&parent=57978"}],"wp:term":[{"taxonomy":"category","embeddable":true,"href":"https:\/\/encuentroinformativo.com.mx\/index.php?rest_route=%2Fwp%2Fv2%2Fcategories&post=57978"},{"taxonomy":"post_tag","embeddable":true,"href":"https:\/\/encuentroinformativo.com.mx\/index.php?rest_route=%2Fwp%2Fv2%2Ftags&post=57978"}],"curies":[{"name":"wp","href":"https:\/\/api.w.org\/{rel}","templated":true}]}}