{"id":57981,"date":"2024-08-26T13:32:13","date_gmt":"2024-08-26T19:32:13","guid":{"rendered":"https:\/\/encuentroinformativo.com.mx\/?p=57981"},"modified":"2024-08-26T13:32:19","modified_gmt":"2024-08-26T19:32:19","slug":"esperan-que-proximos-diputados-bajen-tarifas-electricas-para-veracruz","status":"publish","type":"post","link":"https:\/\/encuentroinformativo.com.mx\/?p=57981","title":{"rendered":"Esperan que pr\u00f3ximos diputados bajen tarifas el\u00e9ctricas para Veracruz"},"content":{"rendered":"\n<p><strong>Dar\u00edo Pale <\/strong><\/p>\n\n\n\n<p>Xalapa, Ver.- El vocero del Movimiento de Lucha Social &#8220;La Leyenda de Chucho el Roto\u2019&#8221;, Jorge Morales Barradas, dijo que hay confianza en que los nuevos diputados y senadores impulsar\u00e1n reforma el\u00e9ctrica.<\/p>\n\n\n\n<p>En entrevista se\u00f1al\u00f3 que, hay confianza en que los diputados y senadores de Morena cumplan los compromisos que realizaron en campa\u00f1a, entre los cuales destaca una reforma el\u00e9ctrica que beneficiar\u00eda a las familias de Veracruz, por lo que reiter\u00f3 la necesidad de aplicar una reclasificaci\u00f3n de tarifas de energ\u00eda el\u00e9ctrica, tal y como se realiz\u00f3 en el estado de Tabasco.<\/p>\n\n\n\n<p>&#8220;Que se aplique lo mismo que se aplic\u00f3 en Tabasco nada m\u00e1s. En Tabasco se reclasific\u00f3 la tarifa, se condonan los adeudos de las familias y aparte se le sigue dando el mantenimiento a las l\u00edneas de Comisi\u00f3n Federal de Electricidad&#8221;, se\u00f1al\u00f3.<\/p>\n\n\n\n<p>A su vez, pidi\u00f3 que a partir del 29 de agosto los diputados y senadores electos &#8220;se apliquen con la tarea para que realmente las familias de Veracruz seamos beneficiadas (&#8230;) Simplemente con el mismo procedimiento que se hizo en Tabasco, si se aplica en Veracruz vamos a estar muy bien&#8221;.<\/p>\n\n\n\n<p>Cabe mencionar que tras ser cuestionado sobre este tema, el senador electo Manuel Huerta Ladr\u00f3n de Guevara dijo que no se niega la necesidad de hacer m\u00e1s accesible el pago por el servicio de energ\u00eda el\u00e9ctrica.<\/p>\n\n\n\n<p>&#8220;Tiene que ser a un pago justo, asequible, que debe haber un buen servicio para la gente. Y la Comisi\u00f3n, al igual que todas las instituciones se comprometi\u00f3 a mejorar la condici\u00f3n&#8221;, expres\u00f3 el Senador Electo, quien confirm\u00f3 haber formado parte de las mesas de di\u00e1logo sostenidas con la Comisi\u00f3n Federal de Electricidad.<\/p>\n","protected":false},"excerpt":{"rendered":"<p>Dar\u00edo Pale Xalapa, Ver.- El vocero del Movimiento de Lucha Social &#8220;La Leyenda de Chucho el Roto\u2019&#8221;, Jorge Morales Barradas, dijo que hay confianza en que los nuevos diputados y senadores impulsar\u00e1n reforma el\u00e9ctrica. En entrevista se\u00f1al\u00f3 que, hay confianza en que los diputados y senadores de Morena cumplan los compromisos que realizaron en campa\u00f1a, [&hellip;]<\/p>\n","protected":false},"author":2476,"featured_media":57982,"comment_status":"open","ping_status":"open","sticky":false,"template":"","format":"standard","meta":{"_jetpack_memberships_contains_paid_content":false,"footnotes":""},"categories":[8],"tags":[],"class_list":["post-57981","post","type-post","status-publish","format-standard","has-post-thumbnail","hentry","category-region"],"jetpack_featured_media_url":"https:\/\/encuentroinformativo.com.mx\/wp-content\/uploads\/2024\/08\/IMG-20240826-WA0106.jpg","jetpack_sharing_enabled":true,"jetpack_likes_enabled":true,"amp_enabled":true,"_links":{"self":[{"href":"https:\/\/encuentroinformativo.com.mx\/index.php?rest_route=\/wp\/v2\/posts\/57981","targetHints":{"allow":["GET"]}}],"collection":[{"href":"https:\/\/encuentroinformativo.com.mx\/index.php?rest_route=\/wp\/v2\/posts"}],"about":[{"href":"https:\/\/encuentroinformativo.com.mx\/index.php?rest_route=\/wp\/v2\/types\/post"}],"author":[{"embeddable":true,"href":"https:\/\/encuentroinformativo.com.mx\/index.php?rest_route=\/wp\/v2\/users\/2476"}],"replies":[{"embeddable":true,"href":"https:\/\/encuentroinformativo.com.mx\/index.php?rest_route=%2Fwp%2Fv2%2Fcomments&post=57981"}],"version-history":[{"count":1,"href":"https:\/\/encuentroinformativo.com.mx\/index.php?rest_route=\/wp\/v2\/posts\/57981\/revisions"}],"predecessor-version":[{"id":57983,"href":"https:\/\/encuentroinformativo.com.mx\/index.php?rest_route=\/wp\/v2\/posts\/57981\/revisions\/57983"}],"wp:featuredmedia":[{"embeddable":true,"href":"https:\/\/encuentroinformativo.com.mx\/index.php?rest_route=\/wp\/v2\/media\/57982"}],"wp:attachment":[{"href":"https:\/\/encuentroinformativo.com.mx\/index.php?rest_route=%2Fwp%2Fv2%2Fmedia&parent=57981"}],"wp:term":[{"taxonomy":"category","embeddable":true,"href":"https:\/\/encuentroinformativo.com.mx\/index.php?rest_route=%2Fwp%2Fv2%2Fcategories&post=57981"},{"taxonomy":"post_tag","embeddable":true,"href":"https:\/\/encuentroinformativo.com.mx\/index.php?rest_route=%2Fwp%2Fv2%2Ftags&post=57981"}],"curies":[{"name":"wp","href":"https:\/\/api.w.org\/{rel}","templated":true}]}}