{"id":57987,"date":"2024-08-26T14:07:52","date_gmt":"2024-08-26T20:07:52","guid":{"rendered":"https:\/\/encuentroinformativo.com.mx\/?p=57987"},"modified":"2024-08-26T14:07:57","modified_gmt":"2024-08-26T20:07:57","slug":"elemento-de-ssp-quien-perdio-la-vida-en-accidente-de-moto","status":"publish","type":"post","link":"https:\/\/encuentroinformativo.com.mx\/?p=57987","title":{"rendered":"Elemento de SSP, quien perdi\u00f3 la vida en accidente de moto"},"content":{"rendered":"\n<p><strong>Dar\u00edo Pale <\/strong><\/p>\n\n\n\n<p>Xalapa, Ver.- Una persona que viajaba a bordo de una motoneta junto con otra persona perdi\u00f3 el control de la unidad ya que conduc\u00eda en estado inconveniente por lo cual perdi\u00f3 al vida y su acompa\u00f1ante result\u00f3 con varias lesiones.<\/p>\n\n\n\n<p>El medio d\u00eda de este lunes ocurri\u00f3 un accidente en el que lamentablemente una persona perdi\u00f3 la vida, seg\u00fan se sabe era elemento de la Secretaria de Seguridad P\u00fablica (SSP), cuando iba a bordo de su motocicleta.<\/p>\n\n\n\n<p>Los hechos ocurrieron en la avenida L\u00e1zaro C\u00e1rdenas cuando el desafortunado sujeto, quien ven\u00eda acompa\u00f1ado de una mujer, al parecer perdi\u00f3 el control de la unidad y se estrell\u00f3 contra el camell\u00f3n central, por lo que perdi\u00f3 la vida en el lugar.<\/p>\n\n\n\n<p>La pareja ven\u00eda circulando con direcci\u00f3n a Plaza Cristal, frente a Coppel, cuando habr\u00eda perdido el control y al parecer el casco se le cay\u00f3 segundos antes de salir proyectado, la persona que perdi\u00f3 la vida era elemento activo de la divisi\u00f3n de polic\u00eda de la SSP le nombraban &#8220;n\u00e9mesis&#8221;.<\/p>\n\n\n\n<p>Al sitio arribaron elementos de distintas agrupaciones de emergencias, as\u00ed como de Seguridad P\u00fablica para asegurar el lugar y brindar los primeros auxilios a la persona que result\u00f3 lesionada.<\/p>\n\n\n\n<figure class=\"wp-block-image size-large\"><img loading=\"lazy\" decoding=\"async\" width=\"1024\" height=\"768\" src=\"https:\/\/encuentroinformativo.com.mx\/wp-content\/uploads\/2024\/08\/1000371105-1024x768.jpg\" alt=\"\" class=\"wp-image-57989\" srcset=\"https:\/\/encuentroinformativo.com.mx\/wp-content\/uploads\/2024\/08\/1000371105-1024x768.jpg 1024w, https:\/\/encuentroinformativo.com.mx\/wp-content\/uploads\/2024\/08\/1000371105-300x225.jpg 300w, https:\/\/encuentroinformativo.com.mx\/wp-content\/uploads\/2024\/08\/1000371105-768x576.jpg 768w, https:\/\/encuentroinformativo.com.mx\/wp-content\/uploads\/2024\/08\/1000371105-1536x1152.jpg 1536w, https:\/\/encuentroinformativo.com.mx\/wp-content\/uploads\/2024\/08\/1000371105.jpg 1600w\" sizes=\"auto, (max-width: 1024px) 100vw, 1024px\" \/><\/figure>\n","protected":false},"excerpt":{"rendered":"<p>Dar\u00edo Pale Xalapa, Ver.- Una persona que viajaba a bordo de una motoneta junto con otra persona perdi\u00f3 el control de la unidad ya que conduc\u00eda en estado inconveniente por lo cual perdi\u00f3 al vida y su acompa\u00f1ante result\u00f3 con varias lesiones. El medio d\u00eda de este lunes ocurri\u00f3 un accidente en el que lamentablemente [&hellip;]<\/p>\n","protected":false},"author":2476,"featured_media":57988,"comment_status":"open","ping_status":"open","sticky":false,"template":"","format":"standard","meta":{"_jetpack_memberships_contains_paid_content":false,"footnotes":""},"categories":[3],"tags":[],"class_list":["post-57987","post","type-post","status-publish","format-standard","has-post-thumbnail","hentry","category-xalapa"],"jetpack_featured_media_url":"https:\/\/encuentroinformativo.com.mx\/wp-content\/uploads\/2024\/08\/IMG-20240826-WA0112.jpg","jetpack_sharing_enabled":true,"jetpack_likes_enabled":true,"amp_enabled":true,"_links":{"self":[{"href":"https:\/\/encuentroinformativo.com.mx\/index.php?rest_route=\/wp\/v2\/posts\/57987","targetHints":{"allow":["GET"]}}],"collection":[{"href":"https:\/\/encuentroinformativo.com.mx\/index.php?rest_route=\/wp\/v2\/posts"}],"about":[{"href":"https:\/\/encuentroinformativo.com.mx\/index.php?rest_route=\/wp\/v2\/types\/post"}],"author":[{"embeddable":true,"href":"https:\/\/encuentroinformativo.com.mx\/index.php?rest_route=\/wp\/v2\/users\/2476"}],"replies":[{"embeddable":true,"href":"https:\/\/encuentroinformativo.com.mx\/index.php?rest_route=%2Fwp%2Fv2%2Fcomments&post=57987"}],"version-history":[{"count":1,"href":"https:\/\/encuentroinformativo.com.mx\/index.php?rest_route=\/wp\/v2\/posts\/57987\/revisions"}],"predecessor-version":[{"id":57990,"href":"https:\/\/encuentroinformativo.com.mx\/index.php?rest_route=\/wp\/v2\/posts\/57987\/revisions\/57990"}],"wp:featuredmedia":[{"embeddable":true,"href":"https:\/\/encuentroinformativo.com.mx\/index.php?rest_route=\/wp\/v2\/media\/57988"}],"wp:attachment":[{"href":"https:\/\/encuentroinformativo.com.mx\/index.php?rest_route=%2Fwp%2Fv2%2Fmedia&parent=57987"}],"wp:term":[{"taxonomy":"category","embeddable":true,"href":"https:\/\/encuentroinformativo.com.mx\/index.php?rest_route=%2Fwp%2Fv2%2Fcategories&post=57987"},{"taxonomy":"post_tag","embeddable":true,"href":"https:\/\/encuentroinformativo.com.mx\/index.php?rest_route=%2Fwp%2Fv2%2Ftags&post=57987"}],"curies":[{"name":"wp","href":"https:\/\/api.w.org\/{rel}","templated":true}]}}