{"id":58003,"date":"2024-08-27T09:18:14","date_gmt":"2024-08-27T15:18:14","guid":{"rendered":"https:\/\/encuentroinformativo.com.mx\/?p=58003"},"modified":"2024-08-27T09:18:20","modified_gmt":"2024-08-27T15:18:20","slug":"el-fofo-tiene-otros-datos","status":"publish","type":"post","link":"https:\/\/encuentroinformativo.com.mx\/?p=58003","title":{"rendered":"EL FOFO TIENE OTROS DATOS"},"content":{"rendered":"\n<p><strong>Los Pol\u00edticos<\/strong><\/p>\n\n\n\n<p><strong>Salvador Mu\u00f1oz<\/strong><\/p>\n\n\n\n<p>A lo mejor peca de inocencia el Fofo Ram\u00edrez\u2026 o a lo mejor el ingenuo es el que escribe\u2026 a lo mejor ninguna de las dos y simplemente se tiene la percepci\u00f3n diferente de Morena.<\/p>\n\n\n\n<p>El dirigente del PRI declara que morenista que no le de su partido candidatura a la municipal, tiene las puertas abiertas en el PRI.<\/p>\n\n\n\n<p>La percepci\u00f3n de Fofo es que Morena es un partido igual a todos, incluso al PRI\u2026 s\u00ed, es cierto, muchos de sus integrantes, empezando por su gran l\u00edder AMLO, tienen el ADN pri\u00edsta, dijera Manlio Fabio Beltrones\u2026<\/p>\n\n\n\n<p>La percepci\u00f3n de quien escribe es que Morena no es un partido y est\u00e1 muy lejos de identificarse como tal pero m\u00e1s cerca de ser una Cofrad\u00eda, por decirlo de la manera m\u00e1s coloquial que se pueda, en donde aqu\u00ed, no hay lugar para la traici\u00f3n y en donde se premia la lealtad a cualquier modo\u2026 s\u00ed, como en los mejores momentos del PRI pero sin llegar a extremos como el de Moya, F\u00e9lix Salgado, P\u00edo L\u00f3pez, Ignacio Ovalle, Delfina G\u00f3mez,<\/p>\n\n\n\n<p>Alejandro Gertz Manero, entre algunos ejemplos\u2026 bueno, eso digo yo\u2026 qui\u00e9n sabe qu\u00e9 piense el respetable\u2026 a lo mejor el PRI fue tambi\u00e9n una Cofrad\u00eda que al perder poder, entendi\u00f3 lo que es ser Partido\u2026 no, tampoco\u2026 la actuaci\u00f3n de Alito Moreno nos hace creer que viven en una \u201cCofradi\u00edta\u201d y el mejor ejemplo de ello, es la misma dirigencia estatal del PRI en Veracruz.<\/p>\n\n\n\n<p>Lo que s\u00ed me queda claro es que soy un esc\u00e9ptico de que moreno que no tenga candidatura a la presidencia municipal este 2025, busque espacio en otros partidos o siendo espec\u00edficos, en el PRI.<br>Un tanto, porque si se pretende chapulinear, la l\u00f3gica pol\u00edtica te pide que lo hagas a un partido aliado como en sus mejores tiempos lo hicieron los mismos pri\u00edstas que ganaban con partidos chiquitos y sat\u00e9lites\u2026 luego entonces, si saltan, es seguro que lo hagan al PVEM o al PT\u2026 \u00bfpero al PRI?<\/p>\n\n\n\n<p>Bueno, dicen que tanto se parece el PRI a Morena que en una de \u00e9sas, el Fofo tiene otros datos, \u00a1emulando a Ya saben qui\u00e9n!<\/p>\n","protected":false},"excerpt":{"rendered":"<p>Los Pol\u00edticos Salvador Mu\u00f1oz A lo mejor peca de inocencia el Fofo Ram\u00edrez\u2026 o a lo mejor el ingenuo es el que escribe\u2026 a lo mejor ninguna de las dos y simplemente se tiene la percepci\u00f3n diferente de Morena. El dirigente del PRI declara que morenista que no le de su partido candidatura a la [&hellip;]<\/p>\n","protected":false},"author":2476,"featured_media":387,"comment_status":"open","ping_status":"open","sticky":false,"template":"","format":"standard","meta":{"_jetpack_memberships_contains_paid_content":false,"footnotes":""},"categories":[11],"tags":[],"class_list":["post-58003","post","type-post","status-publish","format-standard","has-post-thumbnail","hentry","category-opinion"],"jetpack_featured_media_url":"https:\/\/encuentroinformativo.com.mx\/wp-content\/uploads\/2020\/03\/7CF8A22B-2764-47BE-8F7F-38FE9E5D6A2F.jpeg","jetpack_sharing_enabled":true,"jetpack_likes_enabled":true,"amp_enabled":true,"_links":{"self":[{"href":"https:\/\/encuentroinformativo.com.mx\/index.php?rest_route=\/wp\/v2\/posts\/58003","targetHints":{"allow":["GET"]}}],"collection":[{"href":"https:\/\/encuentroinformativo.com.mx\/index.php?rest_route=\/wp\/v2\/posts"}],"about":[{"href":"https:\/\/encuentroinformativo.com.mx\/index.php?rest_route=\/wp\/v2\/types\/post"}],"author":[{"embeddable":true,"href":"https:\/\/encuentroinformativo.com.mx\/index.php?rest_route=\/wp\/v2\/users\/2476"}],"replies":[{"embeddable":true,"href":"https:\/\/encuentroinformativo.com.mx\/index.php?rest_route=%2Fwp%2Fv2%2Fcomments&post=58003"}],"version-history":[{"count":1,"href":"https:\/\/encuentroinformativo.com.mx\/index.php?rest_route=\/wp\/v2\/posts\/58003\/revisions"}],"predecessor-version":[{"id":58004,"href":"https:\/\/encuentroinformativo.com.mx\/index.php?rest_route=\/wp\/v2\/posts\/58003\/revisions\/58004"}],"wp:featuredmedia":[{"embeddable":true,"href":"https:\/\/encuentroinformativo.com.mx\/index.php?rest_route=\/wp\/v2\/media\/387"}],"wp:attachment":[{"href":"https:\/\/encuentroinformativo.com.mx\/index.php?rest_route=%2Fwp%2Fv2%2Fmedia&parent=58003"}],"wp:term":[{"taxonomy":"category","embeddable":true,"href":"https:\/\/encuentroinformativo.com.mx\/index.php?rest_route=%2Fwp%2Fv2%2Fcategories&post=58003"},{"taxonomy":"post_tag","embeddable":true,"href":"https:\/\/encuentroinformativo.com.mx\/index.php?rest_route=%2Fwp%2Fv2%2Ftags&post=58003"}],"curies":[{"name":"wp","href":"https:\/\/api.w.org\/{rel}","templated":true}]}}