{"id":58008,"date":"2024-08-27T10:27:46","date_gmt":"2024-08-27T16:27:46","guid":{"rendered":"https:\/\/encuentroinformativo.com.mx\/?p=58008"},"modified":"2024-08-27T10:27:52","modified_gmt":"2024-08-27T16:27:52","slug":"en-octubre-manuel-medrano-se-presentara-en-veracruz","status":"publish","type":"post","link":"https:\/\/encuentroinformativo.com.mx\/?p=58008","title":{"rendered":"En octubre, Manuel Medrano se presentar\u00e1 en Veracruz"},"content":{"rendered":"\n<p><strong>Alejandro \u00c1vila<\/strong><\/p>\n\n\n\n<p>Veracruz, Ver.- El pr\u00f3ximo 19 de octubre, el colombiano Manuel Medrano se presentar\u00e1 en el World Trade Center de Boca del R\u00edo, evento organizado por RECA Producciones y MAS Concierto MX.<\/p>\n\n\n\n<p>Cabe recordar que el colombiano tuvo su primer encuentro en 2023 con el p\u00fablico veracruzano y una vez m\u00e1s repetir\u00e1 la haza\u00f1a el s\u00e1bado 19 de octubre a partir de las 20 horas en el WTC, lugar donde se dar\u00e1n cita fans y seguidores fieles del arte y talento de Manuel Medrano.<\/p>\n\n\n\n<p>\u201cAfuera del Planeta\u201d, \u201cBajo el agua\u201d, y \u201cQu\u00e9date\u201d, son algunos de los numerosos \u00e9xito de Medrano y que la noche del 19 de octubre estar\u00e1 interpretando.<\/p>\n\n\n\n<p>El artista colombiano ha sido ganador de dos Grammys Latinos en 2016 a Mejor Nuevo Artista y a Mejor Nuevo Cantautor as\u00ed como de otros galardones con apenas dos materiales discogr\u00e1ficos.<\/p>\n\n\n\n<p>Manuel Medrano ha tenido grandes colaboraciones musicales: \u201cLa Mujer Que Bota Fuego\u201d con la cantante espa\u00f1ola Natalia Jim\u00e9nez, emanada de la Quinta Estaci\u00f3n; as\u00ed como \u201cCielo\u201d con Nile Rodgers; \u201cEste Momento\u201d, con Camila; \u201cLa Flaca\u201d con Jarabe de Palo, entre otras.<\/p>\n\n\n\n<p>La venta de boletos de forma digital es en la p\u00e1gina de Arema MX; mientras que la venta en f\u00edsico es Plaza Andamar\/ Local L-142A.<\/p>\n","protected":false},"excerpt":{"rendered":"<p>Alejandro \u00c1vila Veracruz, Ver.- El pr\u00f3ximo 19 de octubre, el colombiano Manuel Medrano se presentar\u00e1 en el World Trade Center de Boca del R\u00edo, evento organizado por RECA Producciones y MAS Concierto MX. Cabe recordar que el colombiano tuvo su primer encuentro en 2023 con el p\u00fablico veracruzano y una vez m\u00e1s repetir\u00e1 la haza\u00f1a [&hellip;]<\/p>\n","protected":false},"author":2476,"featured_media":58009,"comment_status":"open","ping_status":"open","sticky":false,"template":"","format":"standard","meta":{"_jetpack_memberships_contains_paid_content":false,"footnotes":""},"categories":[2],"tags":[],"class_list":["post-58008","post","type-post","status-publish","format-standard","has-post-thumbnail","hentry","category-estado"],"jetpack_featured_media_url":"https:\/\/encuentroinformativo.com.mx\/wp-content\/uploads\/2024\/08\/IMG-20240827-WA0013.jpg","jetpack_sharing_enabled":true,"jetpack_likes_enabled":true,"amp_enabled":true,"_links":{"self":[{"href":"https:\/\/encuentroinformativo.com.mx\/index.php?rest_route=\/wp\/v2\/posts\/58008","targetHints":{"allow":["GET"]}}],"collection":[{"href":"https:\/\/encuentroinformativo.com.mx\/index.php?rest_route=\/wp\/v2\/posts"}],"about":[{"href":"https:\/\/encuentroinformativo.com.mx\/index.php?rest_route=\/wp\/v2\/types\/post"}],"author":[{"embeddable":true,"href":"https:\/\/encuentroinformativo.com.mx\/index.php?rest_route=\/wp\/v2\/users\/2476"}],"replies":[{"embeddable":true,"href":"https:\/\/encuentroinformativo.com.mx\/index.php?rest_route=%2Fwp%2Fv2%2Fcomments&post=58008"}],"version-history":[{"count":1,"href":"https:\/\/encuentroinformativo.com.mx\/index.php?rest_route=\/wp\/v2\/posts\/58008\/revisions"}],"predecessor-version":[{"id":58010,"href":"https:\/\/encuentroinformativo.com.mx\/index.php?rest_route=\/wp\/v2\/posts\/58008\/revisions\/58010"}],"wp:featuredmedia":[{"embeddable":true,"href":"https:\/\/encuentroinformativo.com.mx\/index.php?rest_route=\/wp\/v2\/media\/58009"}],"wp:attachment":[{"href":"https:\/\/encuentroinformativo.com.mx\/index.php?rest_route=%2Fwp%2Fv2%2Fmedia&parent=58008"}],"wp:term":[{"taxonomy":"category","embeddable":true,"href":"https:\/\/encuentroinformativo.com.mx\/index.php?rest_route=%2Fwp%2Fv2%2Fcategories&post=58008"},{"taxonomy":"post_tag","embeddable":true,"href":"https:\/\/encuentroinformativo.com.mx\/index.php?rest_route=%2Fwp%2Fv2%2Ftags&post=58008"}],"curies":[{"name":"wp","href":"https:\/\/api.w.org\/{rel}","templated":true}]}}