{"id":58017,"date":"2024-08-27T12:29:04","date_gmt":"2024-08-27T18:29:04","guid":{"rendered":"https:\/\/encuentroinformativo.com.mx\/?p=58017"},"modified":"2024-08-27T12:29:09","modified_gmt":"2024-08-27T18:29:09","slug":"anuncian-tercera-edicion-de-la-carrera-tourism-color-run","status":"publish","type":"post","link":"https:\/\/encuentroinformativo.com.mx\/?p=58017","title":{"rendered":"Anuncian tercera edici\u00f3n de la Carrera Tourism Color Run"},"content":{"rendered":"\n<p><strong>Dar\u00edo Pale <\/strong><\/p>\n\n\n\n<p>Xalapa, Ver.- El director de Turismo municipal de Xalapa, Josu\u00e9 Vasquez Gonz\u00e1lez, dio a conocer que dentro del marco de la celebraci\u00f3n del D\u00eda Mundial del Turismo, el pr\u00f3ximo s\u00e1bado 21 de septiembre se realizar\u00e1 en Xalapa la tercera edici\u00f3n de la Carrera Tourism Color Run Xalapa 2024.<\/p>\n\n\n\n<p>En conferencia de prensa inform\u00f3 que el recorrido de 3 kil\u00f3metros partir\u00e1 de la calle Enriquez a la altura del palacio municipal hacia la avenida Manuel \u00c1vila Camacho y retornar\u00e1 hacia el Viaducto, pasando por las calles Zaragoza, Leandro Valle hasta el parque Ju\u00e1rez.\u00a0<\/p>\n\n\n\n<p>El color de esta carrera es el principal atractivo con el que el Ayuntamiento de Xalapa busca atraer turismo y sumar a la poblaci\u00f3n de esta capital.<\/p>\n\n\n\n<p>Los primeros 400 registros recibir\u00e1n una playera conmemorativa y las primeras 400 personas en llegar a la meta recibir\u00e1n una medalla conmemorativa.\u00a0<\/p>\n\n\n\n<p>Durante la carrera los participantes recibir\u00e1n pulseras y polvo ne\u00f3n con los que se animar\u00e1 esta carrera familiar.\u00a0<\/p>\n\n\n\n<p>Destac\u00f3 que celebrar al turismo en septiembre es una oportunidad de generar ingresos al comercio local, por ello desde el 2022 se realiza esta carrera en esta fecha.\u00a0<\/p>\n\n\n\n<p>&#8220;Lo que inici\u00f3 como una carrera, un proyecto, se convirti\u00f3 en un fen\u00f3meno. Hoy en d\u00eda nuestros turistas esperan con ansias que llegue septiembre para vivir esta grata experiencia&#8221; destac\u00f3.\u00a0<\/p>\n\n\n\n<p>Se espera que en esta edici\u00f3n participen mil 500 corredores, los interesados deben ingresar a partir del 2 de septiembre a la p\u00e1gina del ayuntamiento:\u00a0<a rel=\"noreferrer noopener\" href=\"http:\/\/xalapa.gob.mx\/\" target=\"_blank\">xalapa.gob.mx<\/a>\u00a0y llenar un formulario en el banner de la p\u00e1gina para obtener un folio.<\/p>\n","protected":false},"excerpt":{"rendered":"<p>Dar\u00edo Pale Xalapa, Ver.- El director de Turismo municipal de Xalapa, Josu\u00e9 Vasquez Gonz\u00e1lez, dio a conocer que dentro del marco de la celebraci\u00f3n del D\u00eda Mundial del Turismo, el pr\u00f3ximo s\u00e1bado 21 de septiembre se realizar\u00e1 en Xalapa la tercera edici\u00f3n de la Carrera Tourism Color Run Xalapa 2024. En conferencia de prensa inform\u00f3 [&hellip;]<\/p>\n","protected":false},"author":2476,"featured_media":58018,"comment_status":"open","ping_status":"open","sticky":false,"template":"","format":"standard","meta":{"_jetpack_memberships_contains_paid_content":false,"footnotes":""},"categories":[3],"tags":[],"class_list":["post-58017","post","type-post","status-publish","format-standard","has-post-thumbnail","hentry","category-xalapa"],"jetpack_featured_media_url":"https:\/\/encuentroinformativo.com.mx\/wp-content\/uploads\/2024\/08\/IMG-20240827-WA00222.jpg","jetpack_sharing_enabled":true,"jetpack_likes_enabled":true,"amp_enabled":true,"_links":{"self":[{"href":"https:\/\/encuentroinformativo.com.mx\/index.php?rest_route=\/wp\/v2\/posts\/58017","targetHints":{"allow":["GET"]}}],"collection":[{"href":"https:\/\/encuentroinformativo.com.mx\/index.php?rest_route=\/wp\/v2\/posts"}],"about":[{"href":"https:\/\/encuentroinformativo.com.mx\/index.php?rest_route=\/wp\/v2\/types\/post"}],"author":[{"embeddable":true,"href":"https:\/\/encuentroinformativo.com.mx\/index.php?rest_route=\/wp\/v2\/users\/2476"}],"replies":[{"embeddable":true,"href":"https:\/\/encuentroinformativo.com.mx\/index.php?rest_route=%2Fwp%2Fv2%2Fcomments&post=58017"}],"version-history":[{"count":1,"href":"https:\/\/encuentroinformativo.com.mx\/index.php?rest_route=\/wp\/v2\/posts\/58017\/revisions"}],"predecessor-version":[{"id":58019,"href":"https:\/\/encuentroinformativo.com.mx\/index.php?rest_route=\/wp\/v2\/posts\/58017\/revisions\/58019"}],"wp:featuredmedia":[{"embeddable":true,"href":"https:\/\/encuentroinformativo.com.mx\/index.php?rest_route=\/wp\/v2\/media\/58018"}],"wp:attachment":[{"href":"https:\/\/encuentroinformativo.com.mx\/index.php?rest_route=%2Fwp%2Fv2%2Fmedia&parent=58017"}],"wp:term":[{"taxonomy":"category","embeddable":true,"href":"https:\/\/encuentroinformativo.com.mx\/index.php?rest_route=%2Fwp%2Fv2%2Fcategories&post=58017"},{"taxonomy":"post_tag","embeddable":true,"href":"https:\/\/encuentroinformativo.com.mx\/index.php?rest_route=%2Fwp%2Fv2%2Ftags&post=58017"}],"curies":[{"name":"wp","href":"https:\/\/api.w.org\/{rel}","templated":true}]}}