{"id":58026,"date":"2024-08-27T15:32:20","date_gmt":"2024-08-27T21:32:20","guid":{"rendered":"https:\/\/encuentroinformativo.com.mx\/?p=58026"},"modified":"2024-08-27T15:32:26","modified_gmt":"2024-08-27T21:32:26","slug":"fallece-iluminador-de-rtv-al-interior-del-canal","status":"publish","type":"post","link":"https:\/\/encuentroinformativo.com.mx\/?p=58026","title":{"rendered":"Fallece iluminador de RTV al interior del canal"},"content":{"rendered":"\n<p><strong>Dar\u00edo Pale <\/strong><\/p>\n\n\n\n<p>Xalapa, Ver.- Fallece iluminador de Radio y Televisi\u00f3n de Veracruz (RTV) dentro del canal, ninguna autoridad ha confirmado, el Sindicato extiende condolencias, culpan al mal estado del equipamiento.<\/p>\n\n\n\n<p>Con gran hermetismo se est\u00e1 tratando de guardar el fallecimiento de un trabajador de Radiotelevisi\u00f3n de Veracruz, este martes en las instalaciones de Cerro de la Galaxia.<\/p>\n\n\n\n<p>Los hechos habr\u00edan ocurrido este d\u00eda, cuando el encargado de iluminaci\u00f3n, se cay\u00f3 de una escalera en mal estado y perdi\u00f3 la vida, lamentablemente.<\/p>\n\n\n\n<p>Al sitio acudi\u00f3 personal de Periciales, de la Fiscal\u00eda de Veracruz para hacer las investigaciones correspondientes, as\u00ed como el levantamiento del cuerpo.<\/p>\n\n\n\n<p>Ninguna autoridad ha confirmado el deceso del trabajador en un accidente de trabajo.<\/p>\n\n\n\n<p>Lo que se sabe es que el Sindicato Integrador de Trabajadores al Servicio de Radiotelevisi\u00f3n de Veracruz public\u00f3 sus condolencias por el fallecimiento de Abraham M\u00e1rquez Carmona, quien tendr\u00eda 57 a\u00f1os de edad.<\/p>\n\n\n\n<figure class=\"wp-block-image size-large\"><img loading=\"lazy\" decoding=\"async\" width=\"1024\" height=\"936\" src=\"https:\/\/encuentroinformativo.com.mx\/wp-content\/uploads\/2024\/08\/1000371751-1024x936.jpg\" alt=\"\" class=\"wp-image-58029\" srcset=\"https:\/\/encuentroinformativo.com.mx\/wp-content\/uploads\/2024\/08\/1000371751-1024x936.jpg 1024w, https:\/\/encuentroinformativo.com.mx\/wp-content\/uploads\/2024\/08\/1000371751-300x274.jpg 300w, https:\/\/encuentroinformativo.com.mx\/wp-content\/uploads\/2024\/08\/1000371751-768x702.jpg 768w, https:\/\/encuentroinformativo.com.mx\/wp-content\/uploads\/2024\/08\/1000371751.jpg 1158w\" sizes=\"auto, (max-width: 1024px) 100vw, 1024px\" \/><\/figure>\n\n\n\n<p><\/p>\n","protected":false},"excerpt":{"rendered":"<p>Dar\u00edo Pale Xalapa, Ver.- Fallece iluminador de Radio y Televisi\u00f3n de Veracruz (RTV) dentro del canal, ninguna autoridad ha confirmado, el Sindicato extiende condolencias, culpan al mal estado del equipamiento. Con gran hermetismo se est\u00e1 tratando de guardar el fallecimiento de un trabajador de Radiotelevisi\u00f3n de Veracruz, este martes en las instalaciones de Cerro de [&hellip;]<\/p>\n","protected":false},"author":2476,"featured_media":58027,"comment_status":"open","ping_status":"open","sticky":false,"template":"","format":"standard","meta":{"_jetpack_memberships_contains_paid_content":false,"footnotes":""},"categories":[3],"tags":[],"class_list":["post-58026","post","type-post","status-publish","format-standard","has-post-thumbnail","hentry","category-xalapa"],"jetpack_featured_media_url":"https:\/\/encuentroinformativo.com.mx\/wp-content\/uploads\/2024\/08\/IMG-20240827-WA0099.jpg","jetpack_sharing_enabled":true,"jetpack_likes_enabled":true,"amp_enabled":true,"_links":{"self":[{"href":"https:\/\/encuentroinformativo.com.mx\/index.php?rest_route=\/wp\/v2\/posts\/58026","targetHints":{"allow":["GET"]}}],"collection":[{"href":"https:\/\/encuentroinformativo.com.mx\/index.php?rest_route=\/wp\/v2\/posts"}],"about":[{"href":"https:\/\/encuentroinformativo.com.mx\/index.php?rest_route=\/wp\/v2\/types\/post"}],"author":[{"embeddable":true,"href":"https:\/\/encuentroinformativo.com.mx\/index.php?rest_route=\/wp\/v2\/users\/2476"}],"replies":[{"embeddable":true,"href":"https:\/\/encuentroinformativo.com.mx\/index.php?rest_route=%2Fwp%2Fv2%2Fcomments&post=58026"}],"version-history":[{"count":1,"href":"https:\/\/encuentroinformativo.com.mx\/index.php?rest_route=\/wp\/v2\/posts\/58026\/revisions"}],"predecessor-version":[{"id":58030,"href":"https:\/\/encuentroinformativo.com.mx\/index.php?rest_route=\/wp\/v2\/posts\/58026\/revisions\/58030"}],"wp:featuredmedia":[{"embeddable":true,"href":"https:\/\/encuentroinformativo.com.mx\/index.php?rest_route=\/wp\/v2\/media\/58027"}],"wp:attachment":[{"href":"https:\/\/encuentroinformativo.com.mx\/index.php?rest_route=%2Fwp%2Fv2%2Fmedia&parent=58026"}],"wp:term":[{"taxonomy":"category","embeddable":true,"href":"https:\/\/encuentroinformativo.com.mx\/index.php?rest_route=%2Fwp%2Fv2%2Fcategories&post=58026"},{"taxonomy":"post_tag","embeddable":true,"href":"https:\/\/encuentroinformativo.com.mx\/index.php?rest_route=%2Fwp%2Fv2%2Ftags&post=58026"}],"curies":[{"name":"wp","href":"https:\/\/api.w.org\/{rel}","templated":true}]}}