{"id":58031,"date":"2024-08-27T15:51:26","date_gmt":"2024-08-27T21:51:26","guid":{"rendered":"https:\/\/encuentroinformativo.com.mx\/?p=58031"},"modified":"2024-08-27T15:51:32","modified_gmt":"2024-08-27T21:51:32","slug":"en-papantla-sufre-accidente-coordinador-de-giras-del-gobernador","status":"publish","type":"post","link":"https:\/\/encuentroinformativo.com.mx\/?p=58031","title":{"rendered":"En Papantla, sufre accidente coordinador de Giras del Gobernador"},"content":{"rendered":"\n<p><strong>Dar\u00edo Pale <\/strong><\/p>\n\n\n\n<p>Xalapa, Ver.- El coordinador de giras del gobernador de Veracruz, Cuitl\u00e1huac Garc\u00eda Jim\u00e9nez sufri\u00f3 un accidente donde afortunadamente solo fueron da\u00f1os materiales sobre la carretera Guti\u00e9rrez Zamora-Papantla.<\/p>\n\n\n\n<p>Esta tarde la camioneta donde viajaba Diego Portugal qui\u00e9n es el coordinador de giras del gobernador acompa\u00f1ado de su asistente Alexa Arsega sufrieron un accidente a la altura de la comunidad de Totomoxtle del municipio de Papantla.<\/p>\n\n\n\n<p>Seg\u00fan algunos reportes extraoficiales se supo que solo una persona sufri\u00f3 algunas lesiones, lo dem\u00e1s fueron solo da\u00f1os materiales.<\/p>\n\n\n\n<p>Al lugar acudieron diferentes grupos de emergencia as\u00ed como elementos de la Secretar\u00eda de Seguridad P\u00fablica (SSP), y personal de la Guardia Nacional.<\/p>\n\n\n\n<p>La camioneta de color blanco qued\u00f3 fuera de la carpeta asf\u00e1ltica presentando da\u00f1os materiales y los pasajeros solo resultaron con golpes menores y fueron valorados en el lugar sin que hubiera la necesidad de trasladarlos a alguna cl\u00ednica para su atenci\u00f3n.<\/p>\n\n\n\n<p>Finalmente cabe se\u00f1alar que debido a que es una ruta muy transitada los elementos de la SSP y Guardia Nacional abanderaron la zona para poder evitar otro accidente.<\/p>\n\n\n\n<figure class=\"wp-block-image size-large\"><img loading=\"lazy\" decoding=\"async\" width=\"288\" height=\"204\" src=\"https:\/\/encuentroinformativo.com.mx\/wp-content\/uploads\/2024\/08\/1000371780.jpg\" alt=\"\" class=\"wp-image-58033\"\/><\/figure>\n","protected":false},"excerpt":{"rendered":"<p>Dar\u00edo Pale Xalapa, Ver.- El coordinador de giras del gobernador de Veracruz, Cuitl\u00e1huac Garc\u00eda Jim\u00e9nez sufri\u00f3 un accidente donde afortunadamente solo fueron da\u00f1os materiales sobre la carretera Guti\u00e9rrez Zamora-Papantla. Esta tarde la camioneta donde viajaba Diego Portugal qui\u00e9n es el coordinador de giras del gobernador acompa\u00f1ado de su asistente Alexa Arsega sufrieron un accidente a [&hellip;]<\/p>\n","protected":false},"author":2476,"featured_media":58032,"comment_status":"open","ping_status":"open","sticky":false,"template":"","format":"standard","meta":{"_jetpack_memberships_contains_paid_content":false,"footnotes":""},"categories":[2],"tags":[],"class_list":["post-58031","post","type-post","status-publish","format-standard","has-post-thumbnail","hentry","category-estado"],"jetpack_featured_media_url":"https:\/\/encuentroinformativo.com.mx\/wp-content\/uploads\/2024\/08\/IMG-20240827-WA0103.jpg","jetpack_sharing_enabled":true,"jetpack_likes_enabled":true,"amp_enabled":true,"_links":{"self":[{"href":"https:\/\/encuentroinformativo.com.mx\/index.php?rest_route=\/wp\/v2\/posts\/58031","targetHints":{"allow":["GET"]}}],"collection":[{"href":"https:\/\/encuentroinformativo.com.mx\/index.php?rest_route=\/wp\/v2\/posts"}],"about":[{"href":"https:\/\/encuentroinformativo.com.mx\/index.php?rest_route=\/wp\/v2\/types\/post"}],"author":[{"embeddable":true,"href":"https:\/\/encuentroinformativo.com.mx\/index.php?rest_route=\/wp\/v2\/users\/2476"}],"replies":[{"embeddable":true,"href":"https:\/\/encuentroinformativo.com.mx\/index.php?rest_route=%2Fwp%2Fv2%2Fcomments&post=58031"}],"version-history":[{"count":1,"href":"https:\/\/encuentroinformativo.com.mx\/index.php?rest_route=\/wp\/v2\/posts\/58031\/revisions"}],"predecessor-version":[{"id":58034,"href":"https:\/\/encuentroinformativo.com.mx\/index.php?rest_route=\/wp\/v2\/posts\/58031\/revisions\/58034"}],"wp:featuredmedia":[{"embeddable":true,"href":"https:\/\/encuentroinformativo.com.mx\/index.php?rest_route=\/wp\/v2\/media\/58032"}],"wp:attachment":[{"href":"https:\/\/encuentroinformativo.com.mx\/index.php?rest_route=%2Fwp%2Fv2%2Fmedia&parent=58031"}],"wp:term":[{"taxonomy":"category","embeddable":true,"href":"https:\/\/encuentroinformativo.com.mx\/index.php?rest_route=%2Fwp%2Fv2%2Fcategories&post=58031"},{"taxonomy":"post_tag","embeddable":true,"href":"https:\/\/encuentroinformativo.com.mx\/index.php?rest_route=%2Fwp%2Fv2%2Ftags&post=58031"}],"curies":[{"name":"wp","href":"https:\/\/api.w.org\/{rel}","templated":true}]}}